{"id":189,"date":"2019-06-10T12:02:29","date_gmt":"2019-06-10T12:02:29","guid":{"rendered":"http:\/\/www.saperedigusto.com\/?p=189"},"modified":"2019-10-11T11:43:37","modified_gmt":"2019-10-11T11:43:37","slug":"assaggiare-il-vino-in-tutti-e-con-tutti-i-sensi","status":"publish","type":"post","link":"https:\/\/www.saperedigusto.com\/index.php\/2019\/06\/10\/assaggiare-il-vino-in-tutti-e-con-tutti-i-sensi\/","title":{"rendered":"Assaggiare il vino in tutti -e con tutti- i sensi"},"content":{"rendered":"\n<h2><strong>Assaggiare il vino in tutti -e con tutti- i sensi<br><\/strong><br><em><strong>Tasting wine in all -and with all- senses<\/strong><\/em><\/h2>\n\n\n\n<blockquote class=\"wp-block-quote is-style-large\"><p>La degustazione sensoriale in vigna presso l\u2019Azienda Agricola Maurizio Ponchione di Govone<br>The in-vineyard sensorial tasting at Azienda Agricola Maurizio Ponchione in Govone<\/p><\/blockquote>\n\n\n\n<p>(See the English version below)<\/p>\n\n\n\n<figure class=\"wp-block-image is-resized\"><img decoding=\"async\" loading=\"lazy\" src=\"https:\/\/www.saperedigusto.com\/wp-content\/uploads\/2019\/05\/Bandiera-IT.png\" alt=\"\" class=\"wp-image-139\" width=\"33\" height=\"22\"\/><\/figure>\n\n\n\n<p>Un antico aratro, un scarponi consunti che hanno calpestato chilometri di terra di vigna, la foto del nonno con il quale tutto \u00e8 cominciato e quella della nuova generazione, poi ancora la museruola per il bue, infaticabile, vigoroso lavoratore, affinch\u00e9 non si distraesse attratto dall\u2019erba fresca e l\u2019attrezzo per tostare quattro o cinque chicchi di caff\u00e8 -perch\u00e9 mica c\u2019era da sprecare all\u2019epoca- oppure la cicoria, quando proprio non restava altro.<\/p>\n\n\n\n<p><\/p>\n\n\n\n<div class=\"wp-block-image\"><figure class=\"aligncenter is-resized\"><img decoding=\"async\" loading=\"lazy\" src=\"https:\/\/www.saperedigusto.com\/wp-content\/uploads\/2019\/06\/La-Luna-e-Il-Ciabot_Govone_8giu19_Cantina-724x1024.jpg\" alt=\"\" class=\"wp-image-195\" width=\"543\" height=\"768\" srcset=\"https:\/\/www.saperedigusto.com\/wp-content\/uploads\/2019\/06\/La-Luna-e-Il-Ciabot_Govone_8giu19_Cantina-724x1024.jpg 724w, https:\/\/www.saperedigusto.com\/wp-content\/uploads\/2019\/06\/La-Luna-e-Il-Ciabot_Govone_8giu19_Cantina-212x300.jpg 212w, https:\/\/www.saperedigusto.com\/wp-content\/uploads\/2019\/06\/La-Luna-e-Il-Ciabot_Govone_8giu19_Cantina-768x1086.jpg 768w, https:\/\/www.saperedigusto.com\/wp-content\/uploads\/2019\/06\/La-Luna-e-Il-Ciabot_Govone_8giu19_Cantina.jpg 1240w\" sizes=\"(max-width: 543px) 100vw, 543px\" \/><\/figure><\/div>\n\n\n\n<p><\/p>\n\n\n\n<p>Anche di questi palpitanti ricordi che si godono il meritato riposo nella cantina ristrutturata, ora divenuta suggestivo sacrario, \u00e8 fatta l\u2019Azienda <a rel=\"noreferrer noopener\" aria-label=\"Agricola Maurizio Ponchione (apre in una nuova scheda)\" href=\"http:\/\/www.ponchionemaurizio.com\/index.html\" target=\"_blank\">Agricola Maurizio Ponchione<\/a> di Govone che ci ha ospitati sabato 8 giugno 2019 in occasione dell\u2019evento <em>La Luna e Il Ciabot<\/em>.<\/p>\n\n\n\n<h4><strong>Vino che accoglie, riscalda, delizia e insegna<\/strong><\/h4>\n\n\n\n<p><\/p>\n\n\n\n<div class=\"wp-block-image\"><figure class=\"aligncenter is-resized\"><img decoding=\"async\" loading=\"lazy\" src=\"https:\/\/www.saperedigusto.com\/wp-content\/uploads\/2019\/06\/La-Luna-e-Il-Ciabot_Govone_8giu19_Armadio-682x1024.jpg\" alt=\"\" class=\"wp-image-196\" width=\"512\" height=\"768\" srcset=\"https:\/\/www.saperedigusto.com\/wp-content\/uploads\/2019\/06\/La-Luna-e-Il-Ciabot_Govone_8giu19_Armadio-682x1024.jpg 682w, https:\/\/www.saperedigusto.com\/wp-content\/uploads\/2019\/06\/La-Luna-e-Il-Ciabot_Govone_8giu19_Armadio-200x300.jpg 200w, https:\/\/www.saperedigusto.com\/wp-content\/uploads\/2019\/06\/La-Luna-e-Il-Ciabot_Govone_8giu19_Armadio-768x1153.jpg 768w, https:\/\/www.saperedigusto.com\/wp-content\/uploads\/2019\/06\/La-Luna-e-Il-Ciabot_Govone_8giu19_Armadio.jpg 1220w\" sizes=\"(max-width: 512px) 100vw, 512px\" \/><\/figure><\/div>\n\n\n\n<div class=\"wp-block-image\"><figure class=\"aligncenter is-resized\"><img decoding=\"async\" loading=\"lazy\" src=\"https:\/\/www.saperedigusto.com\/wp-content\/uploads\/2019\/06\/La-Luna-e-Il-Ciabot_Govone_8giu19_Bicchiere-682x1024.jpg\" alt=\"\" class=\"wp-image-197\" width=\"512\" height=\"768\" srcset=\"https:\/\/www.saperedigusto.com\/wp-content\/uploads\/2019\/06\/La-Luna-e-Il-Ciabot_Govone_8giu19_Bicchiere-682x1024.jpg 682w, https:\/\/www.saperedigusto.com\/wp-content\/uploads\/2019\/06\/La-Luna-e-Il-Ciabot_Govone_8giu19_Bicchiere-200x300.jpg 200w, https:\/\/www.saperedigusto.com\/wp-content\/uploads\/2019\/06\/La-Luna-e-Il-Ciabot_Govone_8giu19_Bicchiere-768x1153.jpg 768w, https:\/\/www.saperedigusto.com\/wp-content\/uploads\/2019\/06\/La-Luna-e-Il-Ciabot_Govone_8giu19_Bicchiere.jpg 1220w\" sizes=\"(max-width: 512px) 100vw, 512px\" \/><\/figure><\/div>\n\n\n\n<p><\/p>\n\n\n\n<p>Organizzata da <a rel=\"noreferrer noopener\" aria-label=\"Tourdivini (apre in una nuova scheda)\" href=\"https:\/\/www.tourdivini.it\/\" target=\"_blank\">Tourdivini<\/a> di Cristina Sorice, in collaborazione con <a rel=\"noreferrer noopener\" aria-label=\"Federica Piccoli (apre in una nuova scheda)\" href=\"https:\/\/www.federicapiccoli.cloud\/?fbclid=IwAR07ioNaWDc2ZpqBw5SlrcrqntqSprqgx58en19SzZTfdgwLNfx8xVkEbPo\" target=\"_blank\">Federica Piccoli<\/a>, coinvolgente conduttrice di esperienze sensoriali legate al cibo e al vino ed esperta di meditazione, la degustazione in vigna \u00e8 stata un vero e proprio viaggio nella storia di un\u2019azienda, nella personalit\u00e0 di un territorio e dentro noi stessi.<\/p>\n\n\n\n<p><\/p>\n\n\n\n<div class=\"wp-block-image\"><figure class=\"aligncenter is-resized\"><img decoding=\"async\" loading=\"lazy\" src=\"https:\/\/www.saperedigusto.com\/wp-content\/uploads\/2019\/06\/La-Luna-e-Il-Ciabot_Govone_8giu19_Roero-Arneis-682x1024.jpg\" alt=\"\" class=\"wp-image-198\" width=\"512\" height=\"768\" srcset=\"https:\/\/www.saperedigusto.com\/wp-content\/uploads\/2019\/06\/La-Luna-e-Il-Ciabot_Govone_8giu19_Roero-Arneis-682x1024.jpg 682w, https:\/\/www.saperedigusto.com\/wp-content\/uploads\/2019\/06\/La-Luna-e-Il-Ciabot_Govone_8giu19_Roero-Arneis-200x300.jpg 200w, https:\/\/www.saperedigusto.com\/wp-content\/uploads\/2019\/06\/La-Luna-e-Il-Ciabot_Govone_8giu19_Roero-Arneis-768x1153.jpg 768w, https:\/\/www.saperedigusto.com\/wp-content\/uploads\/2019\/06\/La-Luna-e-Il-Ciabot_Govone_8giu19_Roero-Arneis.jpg 1220w\" sizes=\"(max-width: 512px) 100vw, 512px\" \/><\/figure><\/div>\n\n\n\n<p><\/p>\n\n\n\n<h4><strong>Per conoscere un territorio e le sue eccellenze, bisogna viverlo, calpestare la sua terra, respirare la sua aria.<\/strong><\/h4>\n\n\n\n<p>Accolti da un Arneis limpido e delicato come vetro liquido, dopo aver goduto il panorama delle colline di Govone che si apprezza dalla sede dell\u2019azienda agricola, ci siamo arrampicati tra i filari sui quali l\u2019uva ancora giovanissima, cresce piano piano tra innumerevoli sfumature di verde di foglia e terra finissima che pareva cipria rilucente.<\/p>\n\n\n\n<p><\/p>\n\n\n\n<div class=\"wp-block-image\"><figure class=\"aligncenter is-resized\"><img decoding=\"async\" loading=\"lazy\" src=\"https:\/\/www.saperedigusto.com\/wp-content\/uploads\/2019\/06\/La-Luna-e-Il-Ciabot_Govone_8giu19_Paesaggio.jpg\" alt=\"\" class=\"wp-image-199\" width=\"458\" height=\"686\" srcset=\"https:\/\/www.saperedigusto.com\/wp-content\/uploads\/2019\/06\/La-Luna-e-Il-Ciabot_Govone_8giu19_Paesaggio.jpg 610w, https:\/\/www.saperedigusto.com\/wp-content\/uploads\/2019\/06\/La-Luna-e-Il-Ciabot_Govone_8giu19_Paesaggio-200x300.jpg 200w\" sizes=\"(max-width: 458px) 100vw, 458px\" \/><\/figure><\/div>\n\n\n\n<p><\/p>\n\n\n\n<p>Siamo arrivati al Ciab\u00f2t del Bricco degli Albazzi con le scarpe impolverate -perch\u00e9 se si deve essere in ci\u00f2 che si fa \u00e8 giusto accogliere su di s\u00e9 traccia del luogo che si sta esplorando- ascoltando il nostro respiro e il rumore leggero dei nostri passi, percependo non solo il colore della luce ma il suo \u201csuono\u201d, la sua vibrazione cromatica, <\/p>\n\n\n\n<p><\/p>\n\n\n\n<div class=\"wp-block-image\"><figure class=\"aligncenter is-resized\"><img decoding=\"async\" loading=\"lazy\" src=\"https:\/\/www.saperedigusto.com\/wp-content\/uploads\/2019\/06\/La-Luna-e-Il-Ciabot_Govone_8giu19_Federica-724x1024.jpg\" alt=\"\" class=\"wp-image-200\" width=\"543\" height=\"768\" srcset=\"https:\/\/www.saperedigusto.com\/wp-content\/uploads\/2019\/06\/La-Luna-e-Il-Ciabot_Govone_8giu19_Federica-724x1024.jpg 724w, https:\/\/www.saperedigusto.com\/wp-content\/uploads\/2019\/06\/La-Luna-e-Il-Ciabot_Govone_8giu19_Federica-212x300.jpg 212w, https:\/\/www.saperedigusto.com\/wp-content\/uploads\/2019\/06\/La-Luna-e-Il-Ciabot_Govone_8giu19_Federica-768x1086.jpg 768w, https:\/\/www.saperedigusto.com\/wp-content\/uploads\/2019\/06\/La-Luna-e-Il-Ciabot_Govone_8giu19_Federica.jpg 1240w\" sizes=\"(max-width: 543px) 100vw, 543px\" \/><\/figure><\/div>\n\n\n\n<p><\/p>\n\n\n\n<h4><strong>Un pezzo di storia del Piemonte tradotta in calce e mattoni\u2026<\/strong><\/h4>\n\n\n\n<p>I ciab\u00f2t sono piccole costruzioni tipiche della campagne piemontesi, situate nei vigneti, particolarmente in uso nel XIX secolo. Essi avevano diverse funzioni, sintetizzabili nella necessit\u00e0 di godere di un riparo da sole e pioggia, di ricoverare gli attrezzi da lavoro e di raccogliere l\u2019acqua piovana. Dapprima costruiti con frasche sostenute da semplici strutture, nel tempo i ciab\u00f2t sono divenuti simbolo di benessere economico dei proprietari terrieri, tramutandosi in vere e proprie costruzioni, alcune delle quali caratterizzate dalla presenza di camini e decorazioni.<\/p>\n\n\n\n<p>Raggiunto il ciab\u00f2t sito in una delle vigne dell\u2019Azienda Agricola Maurizio Ponchione, Federica Piccoli ci ha guidato lungo un percorso fatto di percezioni, aiutandoci a sentire noi stessi nell\u2019ambiente che ci stava ospitando e a fare nostre le sensazioni provocate dal vino che abbiamo \u201cassaggiato\u201d, dapprima con l\u2019udito, ascoltandone la mescita nei calici, poi, con la vista, osservandolo sullo sfondo delle foglie di vite e del cielo, poi attraverso l\u2019olfatto e infine con il gusto, declinato attraverso ogni parte della bocca.<\/p>\n\n\n\n<h4><strong>A piedi nudi\u2026<\/strong><\/h4>\n\n\n\n<p>Terminare un\u2019esperienza cos\u00ec tanto intrisa di piacevolezza e di intimo dialogo camminando a piedi nudi tra i filari \u00e8 stato davvero impagabile. Ci ha permesso di capire cosa intende Federica quando dice che \u201cstrutturalmente\u201d e idealmente, l\u2019uomo e la vite -se forti- sono affini, poich\u00e9 capaci di resistere a qualsiasi avversit\u00e0 grazie a solide radici che diventano articolati rami aperti all\u2019esistenza.<\/p>\n\n\n\n<p><\/p>\n\n\n\n<div class=\"wp-block-image\"><figure class=\"aligncenter is-resized\"><img decoding=\"async\" loading=\"lazy\" src=\"https:\/\/www.saperedigusto.com\/wp-content\/uploads\/2019\/06\/La-Luna-e-Il-Ciabot_Govone_8giu19_Merenda.jpg\" alt=\"\" class=\"wp-image-201\" width=\"458\" height=\"686\" srcset=\"https:\/\/www.saperedigusto.com\/wp-content\/uploads\/2019\/06\/La-Luna-e-Il-Ciabot_Govone_8giu19_Merenda.jpg 610w, https:\/\/www.saperedigusto.com\/wp-content\/uploads\/2019\/06\/La-Luna-e-Il-Ciabot_Govone_8giu19_Merenda-200x300.jpg 200w\" sizes=\"(max-width: 458px) 100vw, 458px\" \/><\/figure><\/div>\n\n\n\n<p><\/p>\n\n\n\n<h4><strong>Merenda o cena? In Piemonte si scelgono entrambe.<\/strong><\/h4>\n\n\n\n<p>In un momento storico-gastronomico in cui in moltissimi locali delle citt\u00e0 piemontesi si pu\u00f2 consumare un pasto che nel nome -e di fatto- fonde aperitivo e cena, al ciab\u00f2t abbiamo riscoperto le origini di questa tendenza: la <em>Merenda Sinoira<\/em>. Essa, prima dell\u2019epoca industriale, rappresentava un pasto consumato nel tardo pomeriggio dai contadini che lavoravano la vigna, finalizzato a rifocillarsi prima di riprendere il lavoro che si protraeva fino al calar della notte.<\/p>\n\n\n\n<p>Protagonista assoluta della Merenda Sinoira era la <em>S\u00f2ma d\u2019Aj<\/em>, una fetta di pane bruscato strofinato con una <em>fisca <\/em>(spicchio) d\u2019aglio e consumata con una <em>rapa <\/em>(grappolo) d\u2019uva moscato. Ma non \u00e8 difficile immaginare altre semplici delizie che dalla prosaicit\u00e0 del duro lavoro sono passate alla poesia di un gusto semplice, irresistibile ed evocativo, quali pane burro e salame o pane burro e acciughe.<\/p>\n\n\n\n<p>Proprio pane burro e acciughe ci hanno deliziato, tra molte altre tipicit\u00e0, durante la merenda sinoira al ciab\u00f2t, tradotta secondo uno stile contemporaneo ed elegante.<\/p>\n\n\n\n<h4><strong>Grazie!<\/strong><\/h4>\n\n\n\n<p>Seduta su una balla di fieno, con la schiena appoggiata al muro fresco, con gli occhi pieni di una bellezza lirica di vigna generosa e con accanto gli amici e colleghi <strong>Francesca Avetta<\/strong> e <strong>Francesco Cugliari<\/strong> che con me hanno fondato Sapere di Gusto, ero felice, credetemi.<\/p>\n\n\n\n<p>Grazie quindi all\u2019<a rel=\"noreferrer noopener\" aria-label=\"Azienda Agricola Maurizio Ponchione (apre in una nuova scheda)\" href=\"http:\/\/www.ponchionemaurizio.com\/index.html\" target=\"_blank\">Azienda Agricola Maurizio Ponchione<\/a> produttrice dei vini che abbiamo degustato (Arneis, Barbera, Roero, Nebbiolo, Spumante Brut) e grazie a <a rel=\"noreferrer noopener\" aria-label=\"Tourdivini (apre in una nuova scheda)\" href=\"https:\/\/www.tourdivini.it\/\" target=\"_blank\">Tourdivini<\/a> -in particolare a Cristina Sorice- e a <a rel=\"noreferrer noopener\" aria-label=\"Federica Piccoli (apre in una nuova scheda)\" href=\"https:\/\/www.federicapiccoli.cloud\/?fbclid=IwAR07ioNaWDc2ZpqBw5SlrcrqntqSprqgx58en19SzZTfdgwLNfx8xVkEbPo\" target=\"_blank\">Federica Piccoli<\/a> per averci accolto e regalato qualcosa da ricordare e condividere.<\/p>\n\n\n\n<p>Alla prossima avventura\u2026<\/p>\n\n\n\n<figure class=\"wp-block-image is-resized\"><img decoding=\"async\" loading=\"lazy\" src=\"https:\/\/www.saperedigusto.com\/wp-content\/uploads\/2019\/05\/Bandiera-GB.png\" alt=\"\" class=\"wp-image-141\" width=\"41\" height=\"27\"\/><\/figure>\n\n\n\n<p>An ancient plow, a pair of worn-out boots that have trampled kilometers of vineyard soil, the photo of the grandfather with wich all is started and the picture of the new generation.<br> The muzzle for the ox, indefatigable, vigorous worker, so that he does not attracted by the fresh grass, and the tool to roast four or five coffee beans \u2013 because there was nothing to waste \u2013 or chicory, when just nothing else remained.<\/p>\n\n\n\n<p><\/p>\n\n\n\n<div class=\"wp-block-image\"><figure class=\"aligncenter is-resized\"><img decoding=\"async\" loading=\"lazy\" src=\"https:\/\/www.saperedigusto.com\/wp-content\/uploads\/2019\/06\/La-Luna-e-Il-Ciabot_Govone_8giu19_Cellar2.jpg\" alt=\"\" class=\"wp-image-217\" width=\"465\" height=\"658\" srcset=\"https:\/\/www.saperedigusto.com\/wp-content\/uploads\/2019\/06\/La-Luna-e-Il-Ciabot_Govone_8giu19_Cellar2.jpg 620w, https:\/\/www.saperedigusto.com\/wp-content\/uploads\/2019\/06\/La-Luna-e-Il-Ciabot_Govone_8giu19_Cellar2-212x300.jpg 212w\" sizes=\"(max-width: 465px) 100vw, 465px\" \/><\/figure><\/div>\n\n\n\n<p><\/p>\n\n\n\n<p>The <a href=\"http:\/\/www.ponchionemaurizio.com\/\" target=\"_blank\" rel=\"noreferrer noopener\" aria-label=\"Azienda Agricola Maurizio Ponchione (apre in una nuova scheda)\">Azienda Agricola Maurizio Ponchione<\/a> is also made by these throbbing memories that now enjoy a well-deserved rest in the restored cellar, which has become a fascinating shrine; Saturday, June the 8th, the Company hosted us on the occasion of the <em>La Luna e Il Ciabot<\/em> event.<\/p>\n\n\n\n<h4><strong>Wine that welcomes, warms, delights and teaches<\/strong><\/h4>\n\n\n\n<p><\/p>\n\n\n\n<div class=\"wp-block-image\"><figure class=\"aligncenter is-resized\"><img decoding=\"async\" loading=\"lazy\" src=\"https:\/\/www.saperedigusto.com\/wp-content\/uploads\/2019\/06\/La-Luna-e-Il-Ciabot_Govone_8giu19_Armadio-682x1024.jpg\" alt=\"\" class=\"wp-image-196\" width=\"512\" height=\"768\" srcset=\"https:\/\/www.saperedigusto.com\/wp-content\/uploads\/2019\/06\/La-Luna-e-Il-Ciabot_Govone_8giu19_Armadio-682x1024.jpg 682w, https:\/\/www.saperedigusto.com\/wp-content\/uploads\/2019\/06\/La-Luna-e-Il-Ciabot_Govone_8giu19_Armadio-200x300.jpg 200w, https:\/\/www.saperedigusto.com\/wp-content\/uploads\/2019\/06\/La-Luna-e-Il-Ciabot_Govone_8giu19_Armadio-768x1153.jpg 768w, https:\/\/www.saperedigusto.com\/wp-content\/uploads\/2019\/06\/La-Luna-e-Il-Ciabot_Govone_8giu19_Armadio.jpg 1220w\" sizes=\"(max-width: 512px) 100vw, 512px\" \/><\/figure><\/div>\n\n\n\n<div class=\"wp-block-image\"><figure class=\"aligncenter is-resized\"><img decoding=\"async\" loading=\"lazy\" src=\"https:\/\/www.saperedigusto.com\/wp-content\/uploads\/2019\/06\/La-Luna-e-Il-Ciabot_Govone_8giu19_Bicchiere-682x1024.jpg\" alt=\"\" class=\"wp-image-197\" width=\"512\" height=\"768\" srcset=\"https:\/\/www.saperedigusto.com\/wp-content\/uploads\/2019\/06\/La-Luna-e-Il-Ciabot_Govone_8giu19_Bicchiere-682x1024.jpg 682w, https:\/\/www.saperedigusto.com\/wp-content\/uploads\/2019\/06\/La-Luna-e-Il-Ciabot_Govone_8giu19_Bicchiere-200x300.jpg 200w, https:\/\/www.saperedigusto.com\/wp-content\/uploads\/2019\/06\/La-Luna-e-Il-Ciabot_Govone_8giu19_Bicchiere-768x1153.jpg 768w, https:\/\/www.saperedigusto.com\/wp-content\/uploads\/2019\/06\/La-Luna-e-Il-Ciabot_Govone_8giu19_Bicchiere.jpg 1220w\" sizes=\"(max-width: 512px) 100vw, 512px\" \/><\/figure><\/div>\n\n\n\n<p><\/p>\n\n\n\n<p>Organized by Cristina Sorice\u2019s <a rel=\"noreferrer noopener\" aria-label=\"Tourdivini (apre in una nuova scheda)\" href=\"https:\/\/www.tourdivini.it\/\" target=\"_blank\">Tourdivini<\/a>, in collaboration with <a rel=\"noreferrer noopener\" aria-label=\"Federica Piccoli (apre in una nuova scheda)\" href=\"https:\/\/www.federicapiccoli.cloud\/\" target=\"_blank\">Federica Piccoli<\/a>, an engaging conductor of sensorial experiences related to food and wine and a meditation expert, the tasting in the vineyard has been a real journey into the history of a company, in the personality of a territory, and within ourselves.<\/p>\n\n\n\n<p><\/p>\n\n\n\n<div class=\"wp-block-image\"><figure class=\"aligncenter is-resized\"><img decoding=\"async\" loading=\"lazy\" src=\"https:\/\/www.saperedigusto.com\/wp-content\/uploads\/2019\/06\/La-Luna-e-Il-Ciabot_Govone_8giu19_Roero-Arneis-682x1024.jpg\" alt=\"\" class=\"wp-image-198\" width=\"512\" height=\"768\" srcset=\"https:\/\/www.saperedigusto.com\/wp-content\/uploads\/2019\/06\/La-Luna-e-Il-Ciabot_Govone_8giu19_Roero-Arneis-682x1024.jpg 682w, https:\/\/www.saperedigusto.com\/wp-content\/uploads\/2019\/06\/La-Luna-e-Il-Ciabot_Govone_8giu19_Roero-Arneis-200x300.jpg 200w, https:\/\/www.saperedigusto.com\/wp-content\/uploads\/2019\/06\/La-Luna-e-Il-Ciabot_Govone_8giu19_Roero-Arneis-768x1153.jpg 768w, https:\/\/www.saperedigusto.com\/wp-content\/uploads\/2019\/06\/La-Luna-e-Il-Ciabot_Govone_8giu19_Roero-Arneis.jpg 1220w\" sizes=\"(max-width: 512px) 100vw, 512px\" \/><\/figure><\/div>\n\n\n\n<p><\/p>\n\n\n\n<h4><strong>To get to know a territory and its excellences, you have to live it, trample its land, breathe its air.<\/strong><\/h4>\n\n\n\n<p>Welcomed by a limpid and delicate Arneis wine that was as a liquid crystal, after enjoying the view of the Govone\u2019s hills, we climbed among vine in which the very young grapes grows slowly, among countless nuances of greens and very fine soil that looked like shining powder.<\/p>\n\n\n\n<p><\/p>\n\n\n\n<div class=\"wp-block-image\"><figure class=\"aligncenter is-resized\"><img decoding=\"async\" loading=\"lazy\" src=\"https:\/\/www.saperedigusto.com\/wp-content\/uploads\/2019\/06\/La-Luna-e-Il-Ciabot_Govone_8giu19_Paesaggio.jpg\" alt=\"\" class=\"wp-image-199\" width=\"458\" height=\"686\" srcset=\"https:\/\/www.saperedigusto.com\/wp-content\/uploads\/2019\/06\/La-Luna-e-Il-Ciabot_Govone_8giu19_Paesaggio.jpg 610w, https:\/\/www.saperedigusto.com\/wp-content\/uploads\/2019\/06\/La-Luna-e-Il-Ciabot_Govone_8giu19_Paesaggio-200x300.jpg 200w\" sizes=\"(max-width: 458px) 100vw, 458px\" \/><\/figure><\/div>\n\n\n\n<p><\/p>\n\n\n\n<p>With dusty shoes -because if you have to be in what you are doing is right to take on yourself a trace of the place you are exploring- listening to our breath and the light noise of our steps, and perceiving not only the color of light but its \u201csound\u201d, its chromatic vibration, we arrived at the <em>Ciab\u00f2t <\/em>of the Bricco degli Albazzi, a small and wonderfully simple building located on the hill top.<\/p>\n\n\n\n<p><\/p>\n\n\n\n<div class=\"wp-block-image\"><figure class=\"aligncenter is-resized\"><img decoding=\"async\" loading=\"lazy\" src=\"https:\/\/www.saperedigusto.com\/wp-content\/uploads\/2019\/06\/La-Luna-e-Il-Ciabot_Govone_8giu19_Federica_ENG.jpg\" alt=\"\" class=\"wp-image-205\" width=\"465\" height=\"658\" srcset=\"https:\/\/www.saperedigusto.com\/wp-content\/uploads\/2019\/06\/La-Luna-e-Il-Ciabot_Govone_8giu19_Federica_ENG.jpg 620w, https:\/\/www.saperedigusto.com\/wp-content\/uploads\/2019\/06\/La-Luna-e-Il-Ciabot_Govone_8giu19_Federica_ENG-212x300.jpg 212w\" sizes=\"(max-width: 465px) 100vw, 465px\" \/><\/figure><\/div>\n\n\n\n<p><\/p>\n\n\n\n<h4><strong>A piece of Piedmont history translated into cement and brick \u2026<\/strong><\/h4>\n\n\n\n<p>The <em>ciab\u00f2t <\/em>are small buildings typical of the Piedmontese countryside, located in the vineyards, particularly in use in the nineteenth century. They had different functions; to enjoy a shelter from sun and rain, to protect work tools and to collect rainwater. First built with branches supported by simple structures, over time the <em>ciab\u00f2t <\/em>becomed a symbol of economic well-being for landowners, turning into real buildings, some of which are characterized by the presence of chimneys and decorations.<\/p>\n\n\n\n<p>Reached the ciab\u00f2t located in one of the vineyards of the Azienda Agricola Maurizio Ponchione, Federica Piccoli guided us along a way made of perceptions, helping us to feel ourselves in the place that was hosting us and to make ours the sensations provoked by the wine we have \u201d tasted \u201c, first with the hearing, listening to it poured into the glasses, then, with the view, observing it against the background of the vine leaves and the sky, then through the sense of smell, and finally with the taste, declined through every part of our mouth.<\/p>\n\n\n\n<h4><strong>Barefooted\u2026<\/strong><\/h4>\n\n\n\n<p>Ending an experience so full of pleasure and intimate dialogue walking barefoot through the vineyard rows, has been truly priceless. It allowed us to fully understand what Federica means when she says that \u201cstructurally\u201d and ideally, man and vine \u2013 if they are strong \u2013 are similar, because they are capable of resisting to anything, thanks to solid roots that become articulated branches open to existence.<\/p>\n\n\n\n<p><\/p>\n\n\n\n<div class=\"wp-block-image\"><figure class=\"aligncenter is-resized\"><img decoding=\"async\" loading=\"lazy\" src=\"https:\/\/www.saperedigusto.com\/wp-content\/uploads\/2019\/06\/La-Luna-e-Il-Ciabot_Govone_8giu19_Merenda.jpg\" alt=\"\" class=\"wp-image-201\" width=\"458\" height=\"686\" srcset=\"https:\/\/www.saperedigusto.com\/wp-content\/uploads\/2019\/06\/La-Luna-e-Il-Ciabot_Govone_8giu19_Merenda.jpg 610w, https:\/\/www.saperedigusto.com\/wp-content\/uploads\/2019\/06\/La-Luna-e-Il-Ciabot_Govone_8giu19_Merenda-200x300.jpg 200w\" sizes=\"(max-width: 458px) 100vw, 458px\" \/><\/figure><\/div>\n\n\n\n<p><\/p>\n\n\n\n<h4><strong>Snack or dinner? In Piedmont, both are chosen.<\/strong><\/h4>\n\n\n\n<p>In a historical and gastronomic moment in which in many places in the Piedmontese cities you can have a meal that blends aperitif and dinner -with the name and in fact- in the <em>ciab\u00f2t <\/em>we have rediscovered the origins of this trend: the <em>Merenda Sinoira<\/em>. Before industrial age, it represented a meal consumed in the late afternoon by the farmers who worked the vineyard, aimed at refreshing them before resuming work that lasted until sunset.<\/p>\n\n\n\n<p>The absolute protagonist of the Merenda Sinoira was the <em>S\u00f2ma d\u2019Aj<\/em>, a slice of toasted or grilled bread, rubbed with a <em>fisca <\/em>(clove) of garlic and consumed with a <em>rapa <\/em>(bunch) of Moscato grapes. But it is not difficult to imagine other simple delights that from the prosaic nature of hard work have passed to the poetry of a simple, irresistible and evocative taste, such as bread, butter, and salami or bread, butter, and anchovies.<\/p>\n\n\n\n<p>Just bread, butter, and anchovies have delighted us, among many other typical products and dishes, during the <em>Merenda Sinoira<\/em> at the <em>ciab\u00f2t<\/em>, translated in a contemporary and elegant style.<\/p>\n\n\n\n<p>Sitting on a bale of hay, with my back leaning against the wall, with my eyes full of a generous vineyard lyrical beauty and with my friends and colleagues <strong>Francesca Avetta<\/strong> and <strong>Francesco Cugliari<\/strong> who founded Sapere di Gusto with me, I was happy, believe me.<\/p>\n\n\n\n<h4><strong>Thanks!<\/strong><\/h4>\n\n\n\n<p>So, many thanks to the <a rel=\"noreferrer noopener\" aria-label=\"Azienda Agricola Maurizio Ponchione (apre in una nuova scheda)\" href=\"http:\/\/www.ponchionemaurizio.com\/index.html\" target=\"_blank\">Azienda Agricola Maurizio Ponchione<\/a>, producer of the wines we tasted (Arneis, Barbera, Roero, Nebbiolo, Spumante Brut) and thanks to <a rel=\"noreferrer noopener\" aria-label=\"Tourdivini (apre in una nuova scheda)\" href=\"https:\/\/www.tourdivini.it\/\" target=\"_blank\">Tourdivini<\/a> \u2013 in particular Cristina Sorice- and to <a rel=\"noreferrer noopener\" aria-label=\"Federica Piccoli (apre in una nuova scheda)\" href=\"https:\/\/www.federicapiccoli.cloud\/?fbclid=IwAR07ioNaWDc2ZpqBw5SlrcrqntqSprqgx58en19SzZTfdgwLNfx8xVkEbPo\" target=\"_blank\">Federica Piccoli<\/a> for having welcomed us and given us something to remember and share.<\/p>\n\n\n\n<p>See you at the next adventure!<\/p>\n","protected":false},"excerpt":{"rendered":"<p>Il diario di una degustazione sensoriale tra vini e piatti tipici del Piemonte.<br \/>\nThe diary of a sensorial tasting through piedmontese wines and foods<\/p>\n","protected":false},"author":2,"featured_media":201,"comment_status":"open","ping_status":"closed","sticky":false,"template":"","format":"standard","meta":{"_links_to":"","_links_to_target":""},"categories":[58],"tags":[43,44,36,37,38],"yoast_head":"<!-- This site is optimized with the Yoast SEO plugin v21.1 - https:\/\/yoast.com\/wordpress\/plugins\/seo\/ -->\r\n<title>Assaggiare il vino in tutti -e con tutti- i sensi - Sapere di Gusto<\/title>\r\n<meta name=\"description\" content=\"Il diario di una degustazione sensoriale tra vini e piatti tipici del Piemonte | The diary of a sensorial tasting through piedmontese wines and foods\" \/>\r\n<meta name=\"robots\" content=\"index, follow, max-snippet:-1, max-image-preview:large, max-video-preview:-1\" \/>\r\n<link rel=\"canonical\" href=\"https:\/\/www.saperedigusto.com\/index.php\/2019\/06\/10\/assaggiare-il-vino-in-tutti-e-con-tutti-i-sensi\/\" \/>\r\n<meta property=\"og:locale\" content=\"it_IT\" \/>\r\n<meta property=\"og:type\" content=\"article\" \/>\r\n<meta property=\"og:title\" content=\"Assaggiare il vino in tutti -e con tutti- i sensi - Sapere di Gusto\" \/>\r\n<meta property=\"og:description\" content=\"Il diario di una degustazione sensoriale tra vini e piatti tipici del Piemonte | The diary of a sensorial tasting through piedmontese wines and foods\" \/>\r\n<meta property=\"og:url\" content=\"https:\/\/www.saperedigusto.com\/index.php\/2019\/06\/10\/assaggiare-il-vino-in-tutti-e-con-tutti-i-sensi\/\" \/>\r\n<meta property=\"og:site_name\" content=\"Sapere di Gusto\" \/>\r\n<meta property=\"article:published_time\" content=\"2019-06-10T12:02:29+00:00\" \/>\r\n<meta property=\"article:modified_time\" content=\"2019-10-11T11:43:37+00:00\" \/>\r\n<meta property=\"og:image\" content=\"https:\/\/www.saperedigusto.com\/wp-content\/uploads\/2019\/06\/La-Luna-e-Il-Ciabot_Govone_8giu19_Merenda.jpg\" \/>\r\n\t<meta property=\"og:image:width\" content=\"610\" \/>\r\n\t<meta property=\"og:image:height\" content=\"915\" \/>\r\n\t<meta property=\"og:image:type\" content=\"image\/jpeg\" \/>\r\n<meta name=\"author\" content=\"Paola Uberti\" \/>\r\n<meta name=\"twitter:card\" content=\"summary_large_image\" \/>\r\n<meta name=\"twitter:label1\" content=\"Scritto da\" \/>\n\t<meta name=\"twitter:data1\" content=\"Paola Uberti\" \/>\n\t<meta name=\"twitter:label2\" content=\"Tempo di lettura stimato\" \/>\n\t<meta name=\"twitter:data2\" content=\"9 minuti\" \/>\r\n<script type=\"application\/ld+json\" class=\"yoast-schema-graph\">{\"@context\":\"https:\/\/schema.org\",\"@graph\":[{\"@type\":\"Article\",\"@id\":\"https:\/\/www.saperedigusto.com\/index.php\/2019\/06\/10\/assaggiare-il-vino-in-tutti-e-con-tutti-i-sensi\/#article\",\"isPartOf\":{\"@id\":\"https:\/\/www.saperedigusto.com\/index.php\/2019\/06\/10\/assaggiare-il-vino-in-tutti-e-con-tutti-i-sensi\/\"},\"author\":{\"name\":\"Paola Uberti\",\"@id\":\"https:\/\/www.saperedigusto.com\/#\/schema\/person\/42636f57496e8b778d5228241687a101\"},\"headline\":\"Assaggiare il vino in tutti -e con tutti- i sensi\",\"datePublished\":\"2019-06-10T12:02:29+00:00\",\"dateModified\":\"2019-10-11T11:43:37+00:00\",\"mainEntityOfPage\":{\"@id\":\"https:\/\/www.saperedigusto.com\/index.php\/2019\/06\/10\/assaggiare-il-vino-in-tutti-e-con-tutti-i-sensi\/\"},\"wordCount\":1717,\"commentCount\":0,\"publisher\":{\"@id\":\"https:\/\/www.saperedigusto.com\/#organization\"},\"keywords\":[\"cucinapiemontese\",\"eccellenzaitaliana\",\"vinipiemontesi\",\"visitpiedmont\",\"visitturin\"],\"articleSection\":[\"Le nostre storie | Our stories\"],\"inLanguage\":\"it-IT\",\"potentialAction\":[{\"@type\":\"CommentAction\",\"name\":\"Comment\",\"target\":[\"https:\/\/www.saperedigusto.com\/index.php\/2019\/06\/10\/assaggiare-il-vino-in-tutti-e-con-tutti-i-sensi\/#respond\"]}]},{\"@type\":\"WebPage\",\"@id\":\"https:\/\/www.saperedigusto.com\/index.php\/2019\/06\/10\/assaggiare-il-vino-in-tutti-e-con-tutti-i-sensi\/\",\"url\":\"https:\/\/www.saperedigusto.com\/index.php\/2019\/06\/10\/assaggiare-il-vino-in-tutti-e-con-tutti-i-sensi\/\",\"name\":\"Assaggiare il vino in tutti -e con tutti- i sensi - Sapere di Gusto\",\"isPartOf\":{\"@id\":\"https:\/\/www.saperedigusto.com\/#website\"},\"datePublished\":\"2019-06-10T12:02:29+00:00\",\"dateModified\":\"2019-10-11T11:43:37+00:00\",\"description\":\"Il diario di una degustazione sensoriale tra vini e piatti tipici del Piemonte | The diary of a sensorial tasting through piedmontese wines and foods\",\"breadcrumb\":{\"@id\":\"https:\/\/www.saperedigusto.com\/index.php\/2019\/06\/10\/assaggiare-il-vino-in-tutti-e-con-tutti-i-sensi\/#breadcrumb\"},\"inLanguage\":\"it-IT\",\"potentialAction\":[{\"@type\":\"ReadAction\",\"target\":[\"https:\/\/www.saperedigusto.com\/index.php\/2019\/06\/10\/assaggiare-il-vino-in-tutti-e-con-tutti-i-sensi\/\"]}]},{\"@type\":\"BreadcrumbList\",\"@id\":\"https:\/\/www.saperedigusto.com\/index.php\/2019\/06\/10\/assaggiare-il-vino-in-tutti-e-con-tutti-i-sensi\/#breadcrumb\",\"itemListElement\":[{\"@type\":\"ListItem\",\"position\":1,\"name\":\"Home\",\"item\":\"https:\/\/www.saperedigusto.com\/\"},{\"@type\":\"ListItem\",\"position\":2,\"name\":\"Assaggiare il vino in tutti -e con tutti- i sensi\"}]},{\"@type\":\"WebSite\",\"@id\":\"https:\/\/www.saperedigusto.com\/#website\",\"url\":\"https:\/\/www.saperedigusto.com\/\",\"name\":\"Sapere di Gusto\",\"description\":\"Il magazine online che unisce enogastronomia, cultura, ispirazione, emozione\",\"publisher\":{\"@id\":\"https:\/\/www.saperedigusto.com\/#organization\"},\"potentialAction\":[{\"@type\":\"SearchAction\",\"target\":{\"@type\":\"EntryPoint\",\"urlTemplate\":\"https:\/\/www.saperedigusto.com\/?s={search_term_string}\"},\"query-input\":\"required name=search_term_string\"}],\"inLanguage\":\"it-IT\"},{\"@type\":\"Organization\",\"@id\":\"https:\/\/www.saperedigusto.com\/#organization\",\"name\":\"Sapere di Gusto\",\"url\":\"https:\/\/www.saperedigusto.com\/\",\"logo\":{\"@type\":\"ImageObject\",\"inLanguage\":\"it-IT\",\"@id\":\"https:\/\/www.saperedigusto.com\/#\/schema\/logo\/image\/\",\"url\":\"https:\/\/www.saperedigusto.com\/wp-content\/uploads\/2019\/05\/cropped-Marchio-Or-HP-6.png\",\"contentUrl\":\"https:\/\/www.saperedigusto.com\/wp-content\/uploads\/2019\/05\/cropped-Marchio-Or-HP-6.png\",\"width\":526,\"height\":412,\"caption\":\"Sapere di Gusto\"},\"image\":{\"@id\":\"https:\/\/www.saperedigusto.com\/#\/schema\/logo\/image\/\"}},{\"@type\":\"Person\",\"@id\":\"https:\/\/www.saperedigusto.com\/#\/schema\/person\/42636f57496e8b778d5228241687a101\",\"name\":\"Paola Uberti\",\"image\":{\"@type\":\"ImageObject\",\"inLanguage\":\"it-IT\",\"@id\":\"https:\/\/www.saperedigusto.com\/#\/schema\/person\/image\/\",\"url\":\"https:\/\/secure.gravatar.com\/avatar\/9ab720df5f1d3058880b35c6c477f297?s=96&d=mm&r=g\",\"contentUrl\":\"https:\/\/secure.gravatar.com\/avatar\/9ab720df5f1d3058880b35c6c477f297?s=96&d=mm&r=g\",\"caption\":\"Paola Uberti\"},\"sameAs\":[\"https:\/\/www.saperedigusto.com\"],\"url\":\"https:\/\/www.saperedigusto.com\/index.php\/author\/paola-uberti\/\"}]}<\/script>\r\n<!-- \/ Yoast SEO plugin. -->","yoast_head_json":{"title":"Assaggiare il vino in tutti -e con tutti- i sensi - Sapere di Gusto","description":"Il diario di una degustazione sensoriale tra vini e piatti tipici del Piemonte | The diary of a sensorial tasting through piedmontese wines and foods","robots":{"index":"index","follow":"follow","max-snippet":"max-snippet:-1","max-image-preview":"max-image-preview:large","max-video-preview":"max-video-preview:-1"},"canonical":"https:\/\/www.saperedigusto.com\/index.php\/2019\/06\/10\/assaggiare-il-vino-in-tutti-e-con-tutti-i-sensi\/","og_locale":"it_IT","og_type":"article","og_title":"Assaggiare il vino in tutti -e con tutti- i sensi - Sapere di Gusto","og_description":"Il diario di una degustazione sensoriale tra vini e piatti tipici del Piemonte | The diary of a sensorial tasting through piedmontese wines and foods","og_url":"https:\/\/www.saperedigusto.com\/index.php\/2019\/06\/10\/assaggiare-il-vino-in-tutti-e-con-tutti-i-sensi\/","og_site_name":"Sapere di Gusto","article_published_time":"2019-06-10T12:02:29+00:00","article_modified_time":"2019-10-11T11:43:37+00:00","og_image":[{"width":610,"height":915,"url":"https:\/\/www.saperedigusto.com\/wp-content\/uploads\/2019\/06\/La-Luna-e-Il-Ciabot_Govone_8giu19_Merenda.jpg","type":"image\/jpeg"}],"author":"Paola Uberti","twitter_card":"summary_large_image","twitter_misc":{"Scritto da":"Paola Uberti","Tempo di lettura stimato":"9 minuti"},"schema":{"@context":"https:\/\/schema.org","@graph":[{"@type":"Article","@id":"https:\/\/www.saperedigusto.com\/index.php\/2019\/06\/10\/assaggiare-il-vino-in-tutti-e-con-tutti-i-sensi\/#article","isPartOf":{"@id":"https:\/\/www.saperedigusto.com\/index.php\/2019\/06\/10\/assaggiare-il-vino-in-tutti-e-con-tutti-i-sensi\/"},"author":{"name":"Paola Uberti","@id":"https:\/\/www.saperedigusto.com\/#\/schema\/person\/42636f57496e8b778d5228241687a101"},"headline":"Assaggiare il vino in tutti -e con tutti- i sensi","datePublished":"2019-06-10T12:02:29+00:00","dateModified":"2019-10-11T11:43:37+00:00","mainEntityOfPage":{"@id":"https:\/\/www.saperedigusto.com\/index.php\/2019\/06\/10\/assaggiare-il-vino-in-tutti-e-con-tutti-i-sensi\/"},"wordCount":1717,"commentCount":0,"publisher":{"@id":"https:\/\/www.saperedigusto.com\/#organization"},"keywords":["cucinapiemontese","eccellenzaitaliana","vinipiemontesi","visitpiedmont","visitturin"],"articleSection":["Le nostre storie | Our stories"],"inLanguage":"it-IT","potentialAction":[{"@type":"CommentAction","name":"Comment","target":["https:\/\/www.saperedigusto.com\/index.php\/2019\/06\/10\/assaggiare-il-vino-in-tutti-e-con-tutti-i-sensi\/#respond"]}]},{"@type":"WebPage","@id":"https:\/\/www.saperedigusto.com\/index.php\/2019\/06\/10\/assaggiare-il-vino-in-tutti-e-con-tutti-i-sensi\/","url":"https:\/\/www.saperedigusto.com\/index.php\/2019\/06\/10\/assaggiare-il-vino-in-tutti-e-con-tutti-i-sensi\/","name":"Assaggiare il vino in tutti -e con tutti- i sensi - Sapere di Gusto","isPartOf":{"@id":"https:\/\/www.saperedigusto.com\/#website"},"datePublished":"2019-06-10T12:02:29+00:00","dateModified":"2019-10-11T11:43:37+00:00","description":"Il diario di una degustazione sensoriale tra vini e piatti tipici del Piemonte | The diary of a sensorial tasting through piedmontese wines and foods","breadcrumb":{"@id":"https:\/\/www.saperedigusto.com\/index.php\/2019\/06\/10\/assaggiare-il-vino-in-tutti-e-con-tutti-i-sensi\/#breadcrumb"},"inLanguage":"it-IT","potentialAction":[{"@type":"ReadAction","target":["https:\/\/www.saperedigusto.com\/index.php\/2019\/06\/10\/assaggiare-il-vino-in-tutti-e-con-tutti-i-sensi\/"]}]},{"@type":"BreadcrumbList","@id":"https:\/\/www.saperedigusto.com\/index.php\/2019\/06\/10\/assaggiare-il-vino-in-tutti-e-con-tutti-i-sensi\/#breadcrumb","itemListElement":[{"@type":"ListItem","position":1,"name":"Home","item":"https:\/\/www.saperedigusto.com\/"},{"@type":"ListItem","position":2,"name":"Assaggiare il vino in tutti -e con tutti- i sensi"}]},{"@type":"WebSite","@id":"https:\/\/www.saperedigusto.com\/#website","url":"https:\/\/www.saperedigusto.com\/","name":"Sapere di Gusto","description":"Il magazine online che unisce enogastronomia, cultura, ispirazione, emozione","publisher":{"@id":"https:\/\/www.saperedigusto.com\/#organization"},"potentialAction":[{"@type":"SearchAction","target":{"@type":"EntryPoint","urlTemplate":"https:\/\/www.saperedigusto.com\/?s={search_term_string}"},"query-input":"required name=search_term_string"}],"inLanguage":"it-IT"},{"@type":"Organization","@id":"https:\/\/www.saperedigusto.com\/#organization","name":"Sapere di Gusto","url":"https:\/\/www.saperedigusto.com\/","logo":{"@type":"ImageObject","inLanguage":"it-IT","@id":"https:\/\/www.saperedigusto.com\/#\/schema\/logo\/image\/","url":"https:\/\/www.saperedigusto.com\/wp-content\/uploads\/2019\/05\/cropped-Marchio-Or-HP-6.png","contentUrl":"https:\/\/www.saperedigusto.com\/wp-content\/uploads\/2019\/05\/cropped-Marchio-Or-HP-6.png","width":526,"height":412,"caption":"Sapere di Gusto"},"image":{"@id":"https:\/\/www.saperedigusto.com\/#\/schema\/logo\/image\/"}},{"@type":"Person","@id":"https:\/\/www.saperedigusto.com\/#\/schema\/person\/42636f57496e8b778d5228241687a101","name":"Paola Uberti","image":{"@type":"ImageObject","inLanguage":"it-IT","@id":"https:\/\/www.saperedigusto.com\/#\/schema\/person\/image\/","url":"https:\/\/secure.gravatar.com\/avatar\/9ab720df5f1d3058880b35c6c477f297?s=96&d=mm&r=g","contentUrl":"https:\/\/secure.gravatar.com\/avatar\/9ab720df5f1d3058880b35c6c477f297?s=96&d=mm&r=g","caption":"Paola Uberti"},"sameAs":["https:\/\/www.saperedigusto.com"],"url":"https:\/\/www.saperedigusto.com\/index.php\/author\/paola-uberti\/"}]}},"_links":{"self":[{"href":"https:\/\/www.saperedigusto.com\/index.php\/wp-json\/wp\/v2\/posts\/189"}],"collection":[{"href":"https:\/\/www.saperedigusto.com\/index.php\/wp-json\/wp\/v2\/posts"}],"about":[{"href":"https:\/\/www.saperedigusto.com\/index.php\/wp-json\/wp\/v2\/types\/post"}],"author":[{"embeddable":true,"href":"https:\/\/www.saperedigusto.com\/index.php\/wp-json\/wp\/v2\/users\/2"}],"replies":[{"embeddable":true,"href":"https:\/\/www.saperedigusto.com\/index.php\/wp-json\/wp\/v2\/comments?post=189"}],"version-history":[{"count":20,"href":"https:\/\/www.saperedigusto.com\/index.php\/wp-json\/wp\/v2\/posts\/189\/revisions"}],"predecessor-version":[{"id":224,"href":"https:\/\/www.saperedigusto.com\/index.php\/wp-json\/wp\/v2\/posts\/189\/revisions\/224"}],"wp:featuredmedia":[{"embeddable":true,"href":"https:\/\/www.saperedigusto.com\/index.php\/wp-json\/wp\/v2\/media\/201"}],"wp:attachment":[{"href":"https:\/\/www.saperedigusto.com\/index.php\/wp-json\/wp\/v2\/media?parent=189"}],"wp:term":[{"taxonomy":"category","embeddable":true,"href":"https:\/\/www.saperedigusto.com\/index.php\/wp-json\/wp\/v2\/categories?post=189"},{"taxonomy":"post_tag","embeddable":true,"href":"https:\/\/www.saperedigusto.com\/index.php\/wp-json\/wp\/v2\/tags?post=189"}],"curies":[{"name":"wp","href":"https:\/\/api.w.org\/{rel}","templated":true}]}}