{"id":283,"date":"2019-10-11T09:24:54","date_gmt":"2019-10-11T09:24:54","guid":{"rendered":"http:\/\/www.saperedigusto.com\/?p=283"},"modified":"2019-10-11T11:41:59","modified_gmt":"2019-10-11T11:41:59","slug":"portici-divini-al-via-alla-vendemmia-sabauda","status":"publish","type":"post","link":"https:\/\/www.saperedigusto.com\/index.php\/2019\/10\/11\/portici-divini-al-via-alla-vendemmia-sabauda\/","title":{"rendered":"Portici Divini: al via alla vendemmia sabauda!"},"content":{"rendered":"\n<p>Oggi l&#8217;inaugurazione a Palazzo Birago di Portici di Vini, la vendemmia sabauda che dal 12 al 20 ottobre animer\u00e0 Torino con eventi, degustazioni e masterclass in dimore storiche e locali per far apprezzare il vino in tutte le sue forme. <\/p>\n\n\n\n<p>Portici Divini \u00e9 il primo evento che apre la vendemmia, promosso dalla Citt\u00e0 di Torino, con il sostegno della&nbsp;Camera di commercio di Torino,<strong>&nbsp;<\/strong>ideato e coordinato dalla<strong>&nbsp;<\/strong>Fondazione Contrada Torino ONLUS, per la valorizzazione delle eccellenze vitivinicole del Torinese. <\/p>\n\n\n\n<p>L&#8217;ingresso a Palazzo Birago \u00e9 libero con questi orari:<\/p>\n\n\n\n<p> 12-13 ottobre 10-20<br>14-18 ottobre 9-17<br>19-20 ottobre 15-18. <\/p>\n\n\n\n<p>Il cuore della vendemmia sar\u00e0 Piazza Castello,  al Container situato in prossimit\u00e0 di Palazzo Madama sar\u00e0 possibile degustare i vini dei 4 territori della provincia: la Collina torinese, il Canavese, il Pinerolese e la Valle di Susa.   Le degustazioni comprendono le migliori etichette tra le 7 DOC e DOCG torinesi selezionate dalla Camera di commercio di Torino.&nbsp;Gli assaggi guidati della selezione Torino DOC in Piazza Castello sono possibili in questi orari: ven-sab-dom 16.30 -23.30; lun-gio 17.30-21.30. <\/p>\n\n\n\n<p>In settimana sono presenti eventi in 26 locali in citt\u00e0 e il 19 e il 20 Ottobre ci saranno diversi appuntamenti al Mercato Centrale di Torino.<\/p>\n\n\n\n<p> Potrete trovare il programma sul sito della Camera di Commercio di Torino.<\/p>\n\n\n\n<p>Buona vendemmia .. e ricordate: per fesse n\u2019amis a basta \u2018n bicer ed vin, per g\u00fcernel\u00f4 a basta nen un b\u00f4tal&nbsp;!<\/p>\n\n\n\n<p><\/p>\n\n\n\n<p><\/p>\n\n\n\n<p><\/p>\n\n\n\n<p><\/p>\n\n\n\n<ul class=\"is-layout-flex wp-block-gallery-1 wp-block-gallery aligncenter columns-2 is-cropped\"><li class=\"blocks-gallery-item\"><figure><img decoding=\"async\" loading=\"lazy\" width=\"1024\" height=\"601\" src=\"https:\/\/www.saperedigusto.com\/wp-content\/uploads\/2019\/10\/6_IT2-1024x601.jpg\" alt=\"\" data-id=\"287\" data-link=\"https:\/\/www.saperedigusto.com\/index.php\/2019\/10\/11\/portici-divini-al-via-alla-vendemmia-sabauda\/6_it2\/\" class=\"wp-image-287\" srcset=\"https:\/\/www.saperedigusto.com\/wp-content\/uploads\/2019\/10\/6_IT2-1024x601.jpg 1024w, https:\/\/www.saperedigusto.com\/wp-content\/uploads\/2019\/10\/6_IT2-300x176.jpg 300w, https:\/\/www.saperedigusto.com\/wp-content\/uploads\/2019\/10\/6_IT2-768x451.jpg 768w\" sizes=\"(max-width: 1024px) 100vw, 1024px\" \/><\/figure><\/li><li class=\"blocks-gallery-item\"><figure><img decoding=\"async\" loading=\"lazy\" width=\"1024\" height=\"677\" src=\"https:\/\/www.saperedigusto.com\/wp-content\/uploads\/2019\/10\/Vendemmia-a-Torino-img-guida-1024x677.jpg\" alt=\"\" data-id=\"286\" data-link=\"https:\/\/www.saperedigusto.com\/index.php\/2019\/10\/11\/portici-divini-al-via-alla-vendemmia-sabauda\/vendemmia-a-torino-img-guida\/\" class=\"wp-image-286\" srcset=\"https:\/\/www.saperedigusto.com\/wp-content\/uploads\/2019\/10\/Vendemmia-a-Torino-img-guida-1024x677.jpg 1024w, https:\/\/www.saperedigusto.com\/wp-content\/uploads\/2019\/10\/Vendemmia-a-Torino-img-guida-300x198.jpg 300w, https:\/\/www.saperedigusto.com\/wp-content\/uploads\/2019\/10\/Vendemmia-a-Torino-img-guida-768x508.jpg 768w, https:\/\/www.saperedigusto.com\/wp-content\/uploads\/2019\/10\/Vendemmia-a-Torino-img-guida.jpg 1894w\" sizes=\"(max-width: 1024px) 100vw, 1024px\" \/><\/figure><\/li><\/ul>\n\n\n\n<p><\/p>\n","protected":false},"excerpt":{"rendered":"<p>Oggi l&#8217;inaugurazione a Palazzo Birago di Portici di Vini, la vendemmia sabauda che dal 12 al 20 ottobre animer\u00e0 Torino con eventi, degustazioni e masterclass in dimore storiche e locali per far apprezzare il vino in tutte le sue forme. Portici Divini \u00e9 il primo&nbsp;<a class=\"read-more\" href=\"https:\/\/www.saperedigusto.com\/index.php\/2019\/10\/11\/portici-divini-al-via-alla-vendemmia-sabauda\/\">&hellip;<\/a><\/p>\n","protected":false},"author":2,"featured_media":285,"comment_status":"open","ping_status":"closed","sticky":false,"template":"","format":"standard","meta":{"_links_to":"","_links_to_target":""},"categories":[58],"tags":[],"yoast_head":"<!-- This site is optimized with the Yoast SEO plugin v21.1 - https:\/\/yoast.com\/wordpress\/plugins\/seo\/ -->\r\n<title>Portici Divini: al via alla vendemmia sabauda! - Sapere di Gusto<\/title>\r\n<meta name=\"robots\" content=\"index, follow, max-snippet:-1, max-image-preview:large, max-video-preview:-1\" \/>\r\n<link rel=\"canonical\" href=\"https:\/\/www.saperedigusto.com\/index.php\/2019\/10\/11\/portici-divini-al-via-alla-vendemmia-sabauda\/\" \/>\r\n<meta property=\"og:locale\" content=\"it_IT\" \/>\r\n<meta property=\"og:type\" content=\"article\" \/>\r\n<meta property=\"og:title\" content=\"Portici Divini: al via alla vendemmia sabauda! - Sapere di Gusto\" \/>\r\n<meta property=\"og:description\" content=\"Oggi l&#8217;inaugurazione a Palazzo Birago di Portici di Vini, la vendemmia sabauda che dal 12 al 20 ottobre animer\u00e0 Torino con eventi, degustazioni e masterclass in dimore storiche e locali per far apprezzare il vino in tutte le sue forme. Portici Divini \u00e9 il primo&nbsp;&hellip;\" \/>\r\n<meta property=\"og:url\" content=\"https:\/\/www.saperedigusto.com\/index.php\/2019\/10\/11\/portici-divini-al-via-alla-vendemmia-sabauda\/\" \/>\r\n<meta property=\"og:site_name\" content=\"Sapere di Gusto\" \/>\r\n<meta property=\"article:published_time\" content=\"2019-10-11T09:24:54+00:00\" \/>\r\n<meta property=\"article:modified_time\" content=\"2019-10-11T11:41:59+00:00\" \/>\r\n<meta property=\"og:image\" content=\"https:\/\/www.saperedigusto.com\/wp-content\/uploads\/2019\/10\/sito_testata_porticivendemmia-1.png\" \/>\r\n\t<meta property=\"og:image:width\" content=\"825\" \/>\r\n\t<meta property=\"og:image:height\" content=\"311\" \/>\r\n\t<meta property=\"og:image:type\" content=\"image\/png\" \/>\r\n<meta name=\"author\" content=\"Paola Uberti\" \/>\r\n<meta name=\"twitter:card\" content=\"summary_large_image\" \/>\r\n<meta name=\"twitter:label1\" content=\"Scritto da\" \/>\n\t<meta name=\"twitter:data1\" content=\"Paola Uberti\" \/>\n\t<meta name=\"twitter:label2\" content=\"Tempo di lettura stimato\" \/>\n\t<meta name=\"twitter:data2\" content=\"1 minuto\" \/>\r\n<script type=\"application\/ld+json\" class=\"yoast-schema-graph\">{\"@context\":\"https:\/\/schema.org\",\"@graph\":[{\"@type\":\"Article\",\"@id\":\"https:\/\/www.saperedigusto.com\/index.php\/2019\/10\/11\/portici-divini-al-via-alla-vendemmia-sabauda\/#article\",\"isPartOf\":{\"@id\":\"https:\/\/www.saperedigusto.com\/index.php\/2019\/10\/11\/portici-divini-al-via-alla-vendemmia-sabauda\/\"},\"author\":{\"name\":\"Paola Uberti\",\"@id\":\"https:\/\/www.saperedigusto.com\/#\/schema\/person\/42636f57496e8b778d5228241687a101\"},\"headline\":\"Portici Divini: al via alla vendemmia sabauda!\",\"datePublished\":\"2019-10-11T09:24:54+00:00\",\"dateModified\":\"2019-10-11T11:41:59+00:00\",\"mainEntityOfPage\":{\"@id\":\"https:\/\/www.saperedigusto.com\/index.php\/2019\/10\/11\/portici-divini-al-via-alla-vendemmia-sabauda\/\"},\"wordCount\":238,\"commentCount\":0,\"publisher\":{\"@id\":\"https:\/\/www.saperedigusto.com\/#organization\"},\"articleSection\":[\"Le nostre storie | Our stories\"],\"inLanguage\":\"it-IT\",\"potentialAction\":[{\"@type\":\"CommentAction\",\"name\":\"Comment\",\"target\":[\"https:\/\/www.saperedigusto.com\/index.php\/2019\/10\/11\/portici-divini-al-via-alla-vendemmia-sabauda\/#respond\"]}]},{\"@type\":\"WebPage\",\"@id\":\"https:\/\/www.saperedigusto.com\/index.php\/2019\/10\/11\/portici-divini-al-via-alla-vendemmia-sabauda\/\",\"url\":\"https:\/\/www.saperedigusto.com\/index.php\/2019\/10\/11\/portici-divini-al-via-alla-vendemmia-sabauda\/\",\"name\":\"Portici Divini: al via alla vendemmia sabauda! - Sapere di Gusto\",\"isPartOf\":{\"@id\":\"https:\/\/www.saperedigusto.com\/#website\"},\"datePublished\":\"2019-10-11T09:24:54+00:00\",\"dateModified\":\"2019-10-11T11:41:59+00:00\",\"breadcrumb\":{\"@id\":\"https:\/\/www.saperedigusto.com\/index.php\/2019\/10\/11\/portici-divini-al-via-alla-vendemmia-sabauda\/#breadcrumb\"},\"inLanguage\":\"it-IT\",\"potentialAction\":[{\"@type\":\"ReadAction\",\"target\":[\"https:\/\/www.saperedigusto.com\/index.php\/2019\/10\/11\/portici-divini-al-via-alla-vendemmia-sabauda\/\"]}]},{\"@type\":\"BreadcrumbList\",\"@id\":\"https:\/\/www.saperedigusto.com\/index.php\/2019\/10\/11\/portici-divini-al-via-alla-vendemmia-sabauda\/#breadcrumb\",\"itemListElement\":[{\"@type\":\"ListItem\",\"position\":1,\"name\":\"Home\",\"item\":\"https:\/\/www.saperedigusto.com\/\"},{\"@type\":\"ListItem\",\"position\":2,\"name\":\"Portici Divini: al via alla vendemmia sabauda!\"}]},{\"@type\":\"WebSite\",\"@id\":\"https:\/\/www.saperedigusto.com\/#website\",\"url\":\"https:\/\/www.saperedigusto.com\/\",\"name\":\"Sapere di Gusto\",\"description\":\"Il magazine online che unisce enogastronomia, cultura, ispirazione, emozione\",\"publisher\":{\"@id\":\"https:\/\/www.saperedigusto.com\/#organization\"},\"potentialAction\":[{\"@type\":\"SearchAction\",\"target\":{\"@type\":\"EntryPoint\",\"urlTemplate\":\"https:\/\/www.saperedigusto.com\/?s={search_term_string}\"},\"query-input\":\"required name=search_term_string\"}],\"inLanguage\":\"it-IT\"},{\"@type\":\"Organization\",\"@id\":\"https:\/\/www.saperedigusto.com\/#organization\",\"name\":\"Sapere di Gusto\",\"url\":\"https:\/\/www.saperedigusto.com\/\",\"logo\":{\"@type\":\"ImageObject\",\"inLanguage\":\"it-IT\",\"@id\":\"https:\/\/www.saperedigusto.com\/#\/schema\/logo\/image\/\",\"url\":\"https:\/\/www.saperedigusto.com\/wp-content\/uploads\/2019\/05\/cropped-Marchio-Or-HP-6.png\",\"contentUrl\":\"https:\/\/www.saperedigusto.com\/wp-content\/uploads\/2019\/05\/cropped-Marchio-Or-HP-6.png\",\"width\":526,\"height\":412,\"caption\":\"Sapere di Gusto\"},\"image\":{\"@id\":\"https:\/\/www.saperedigusto.com\/#\/schema\/logo\/image\/\"}},{\"@type\":\"Person\",\"@id\":\"https:\/\/www.saperedigusto.com\/#\/schema\/person\/42636f57496e8b778d5228241687a101\",\"name\":\"Paola Uberti\",\"image\":{\"@type\":\"ImageObject\",\"inLanguage\":\"it-IT\",\"@id\":\"https:\/\/www.saperedigusto.com\/#\/schema\/person\/image\/\",\"url\":\"https:\/\/secure.gravatar.com\/avatar\/9ab720df5f1d3058880b35c6c477f297?s=96&d=mm&r=g\",\"contentUrl\":\"https:\/\/secure.gravatar.com\/avatar\/9ab720df5f1d3058880b35c6c477f297?s=96&d=mm&r=g\",\"caption\":\"Paola Uberti\"},\"sameAs\":[\"https:\/\/www.saperedigusto.com\"],\"url\":\"https:\/\/www.saperedigusto.com\/index.php\/author\/paola-uberti\/\"}]}<\/script>\r\n<!-- \/ Yoast SEO plugin. -->","yoast_head_json":{"title":"Portici Divini: al via alla vendemmia sabauda! - Sapere di Gusto","robots":{"index":"index","follow":"follow","max-snippet":"max-snippet:-1","max-image-preview":"max-image-preview:large","max-video-preview":"max-video-preview:-1"},"canonical":"https:\/\/www.saperedigusto.com\/index.php\/2019\/10\/11\/portici-divini-al-via-alla-vendemmia-sabauda\/","og_locale":"it_IT","og_type":"article","og_title":"Portici Divini: al via alla vendemmia sabauda! - Sapere di Gusto","og_description":"Oggi l&#8217;inaugurazione a Palazzo Birago di Portici di Vini, la vendemmia sabauda che dal 12 al 20 ottobre animer\u00e0 Torino con eventi, degustazioni e masterclass in dimore storiche e locali per far apprezzare il vino in tutte le sue forme. Portici Divini \u00e9 il primo&nbsp;&hellip;","og_url":"https:\/\/www.saperedigusto.com\/index.php\/2019\/10\/11\/portici-divini-al-via-alla-vendemmia-sabauda\/","og_site_name":"Sapere di Gusto","article_published_time":"2019-10-11T09:24:54+00:00","article_modified_time":"2019-10-11T11:41:59+00:00","og_image":[{"width":825,"height":311,"url":"https:\/\/www.saperedigusto.com\/wp-content\/uploads\/2019\/10\/sito_testata_porticivendemmia-1.png","type":"image\/png"}],"author":"Paola Uberti","twitter_card":"summary_large_image","twitter_misc":{"Scritto da":"Paola Uberti","Tempo di lettura stimato":"1 minuto"},"schema":{"@context":"https:\/\/schema.org","@graph":[{"@type":"Article","@id":"https:\/\/www.saperedigusto.com\/index.php\/2019\/10\/11\/portici-divini-al-via-alla-vendemmia-sabauda\/#article","isPartOf":{"@id":"https:\/\/www.saperedigusto.com\/index.php\/2019\/10\/11\/portici-divini-al-via-alla-vendemmia-sabauda\/"},"author":{"name":"Paola Uberti","@id":"https:\/\/www.saperedigusto.com\/#\/schema\/person\/42636f57496e8b778d5228241687a101"},"headline":"Portici Divini: al via alla vendemmia sabauda!","datePublished":"2019-10-11T09:24:54+00:00","dateModified":"2019-10-11T11:41:59+00:00","mainEntityOfPage":{"@id":"https:\/\/www.saperedigusto.com\/index.php\/2019\/10\/11\/portici-divini-al-via-alla-vendemmia-sabauda\/"},"wordCount":238,"commentCount":0,"publisher":{"@id":"https:\/\/www.saperedigusto.com\/#organization"},"articleSection":["Le nostre storie | Our stories"],"inLanguage":"it-IT","potentialAction":[{"@type":"CommentAction","name":"Comment","target":["https:\/\/www.saperedigusto.com\/index.php\/2019\/10\/11\/portici-divini-al-via-alla-vendemmia-sabauda\/#respond"]}]},{"@type":"WebPage","@id":"https:\/\/www.saperedigusto.com\/index.php\/2019\/10\/11\/portici-divini-al-via-alla-vendemmia-sabauda\/","url":"https:\/\/www.saperedigusto.com\/index.php\/2019\/10\/11\/portici-divini-al-via-alla-vendemmia-sabauda\/","name":"Portici Divini: al via alla vendemmia sabauda! - Sapere di Gusto","isPartOf":{"@id":"https:\/\/www.saperedigusto.com\/#website"},"datePublished":"2019-10-11T09:24:54+00:00","dateModified":"2019-10-11T11:41:59+00:00","breadcrumb":{"@id":"https:\/\/www.saperedigusto.com\/index.php\/2019\/10\/11\/portici-divini-al-via-alla-vendemmia-sabauda\/#breadcrumb"},"inLanguage":"it-IT","potentialAction":[{"@type":"ReadAction","target":["https:\/\/www.saperedigusto.com\/index.php\/2019\/10\/11\/portici-divini-al-via-alla-vendemmia-sabauda\/"]}]},{"@type":"BreadcrumbList","@id":"https:\/\/www.saperedigusto.com\/index.php\/2019\/10\/11\/portici-divini-al-via-alla-vendemmia-sabauda\/#breadcrumb","itemListElement":[{"@type":"ListItem","position":1,"name":"Home","item":"https:\/\/www.saperedigusto.com\/"},{"@type":"ListItem","position":2,"name":"Portici Divini: al via alla vendemmia sabauda!"}]},{"@type":"WebSite","@id":"https:\/\/www.saperedigusto.com\/#website","url":"https:\/\/www.saperedigusto.com\/","name":"Sapere di Gusto","description":"Il magazine online che unisce enogastronomia, cultura, ispirazione, emozione","publisher":{"@id":"https:\/\/www.saperedigusto.com\/#organization"},"potentialAction":[{"@type":"SearchAction","target":{"@type":"EntryPoint","urlTemplate":"https:\/\/www.saperedigusto.com\/?s={search_term_string}"},"query-input":"required name=search_term_string"}],"inLanguage":"it-IT"},{"@type":"Organization","@id":"https:\/\/www.saperedigusto.com\/#organization","name":"Sapere di Gusto","url":"https:\/\/www.saperedigusto.com\/","logo":{"@type":"ImageObject","inLanguage":"it-IT","@id":"https:\/\/www.saperedigusto.com\/#\/schema\/logo\/image\/","url":"https:\/\/www.saperedigusto.com\/wp-content\/uploads\/2019\/05\/cropped-Marchio-Or-HP-6.png","contentUrl":"https:\/\/www.saperedigusto.com\/wp-content\/uploads\/2019\/05\/cropped-Marchio-Or-HP-6.png","width":526,"height":412,"caption":"Sapere di Gusto"},"image":{"@id":"https:\/\/www.saperedigusto.com\/#\/schema\/logo\/image\/"}},{"@type":"Person","@id":"https:\/\/www.saperedigusto.com\/#\/schema\/person\/42636f57496e8b778d5228241687a101","name":"Paola Uberti","image":{"@type":"ImageObject","inLanguage":"it-IT","@id":"https:\/\/www.saperedigusto.com\/#\/schema\/person\/image\/","url":"https:\/\/secure.gravatar.com\/avatar\/9ab720df5f1d3058880b35c6c477f297?s=96&d=mm&r=g","contentUrl":"https:\/\/secure.gravatar.com\/avatar\/9ab720df5f1d3058880b35c6c477f297?s=96&d=mm&r=g","caption":"Paola Uberti"},"sameAs":["https:\/\/www.saperedigusto.com"],"url":"https:\/\/www.saperedigusto.com\/index.php\/author\/paola-uberti\/"}]}},"_links":{"self":[{"href":"https:\/\/www.saperedigusto.com\/index.php\/wp-json\/wp\/v2\/posts\/283"}],"collection":[{"href":"https:\/\/www.saperedigusto.com\/index.php\/wp-json\/wp\/v2\/posts"}],"about":[{"href":"https:\/\/www.saperedigusto.com\/index.php\/wp-json\/wp\/v2\/types\/post"}],"author":[{"embeddable":true,"href":"https:\/\/www.saperedigusto.com\/index.php\/wp-json\/wp\/v2\/users\/2"}],"replies":[{"embeddable":true,"href":"https:\/\/www.saperedigusto.com\/index.php\/wp-json\/wp\/v2\/comments?post=283"}],"version-history":[{"count":5,"href":"https:\/\/www.saperedigusto.com\/index.php\/wp-json\/wp\/v2\/posts\/283\/revisions"}],"predecessor-version":[{"id":305,"href":"https:\/\/www.saperedigusto.com\/index.php\/wp-json\/wp\/v2\/posts\/283\/revisions\/305"}],"wp:featuredmedia":[{"embeddable":true,"href":"https:\/\/www.saperedigusto.com\/index.php\/wp-json\/wp\/v2\/media\/285"}],"wp:attachment":[{"href":"https:\/\/www.saperedigusto.com\/index.php\/wp-json\/wp\/v2\/media?parent=283"}],"wp:term":[{"taxonomy":"category","embeddable":true,"href":"https:\/\/www.saperedigusto.com\/index.php\/wp-json\/wp\/v2\/categories?post=283"},{"taxonomy":"post_tag","embeddable":true,"href":"https:\/\/www.saperedigusto.com\/index.php\/wp-json\/wp\/v2\/tags?post=283"}],"curies":[{"name":"wp","href":"https:\/\/api.w.org\/{rel}","templated":true}]}}