{"id":355,"date":"2019-11-13T10:15:36","date_gmt":"2019-11-13T10:15:36","guid":{"rendered":"http:\/\/www.saperedigusto.com\/?p=355"},"modified":"2019-11-13T10:15:39","modified_gmt":"2019-11-13T10:15:39","slug":"il-tortello-dachille-per-i-70-anni-di-attivita","status":"publish","type":"post","link":"https:\/\/www.saperedigusto.com\/index.php\/2019\/11\/13\/il-tortello-dachille-per-i-70-anni-di-attivita\/","title":{"rendered":"Il Tortello d&#8217;Achille per i 70 anni di attivit\u00e0"},"content":{"rendered":"\n<p>Dal 1959 Achille dirige l&#8217;azienda o meglio passa le giornate tra i fornelli per ideare nuove ricette. Oggi le figlie Cristina, Laura e Elena hanno reso omaggio agli 80 anni del pap\u00e0 e ai 70 anni di attivit\u00e0 dedicandogli il Tortello d&#8217;Achille con un ripieno molto speciale : rag\u00f9 bolognese. <\/p>\n\n\n\n<p>Il rag\u00f9 \u00e8 sempre stato per Achille una tradizione da far sobbollire per ore per condire gli agnolotti, sopratutto durante le feste. <\/p>\n\n\n\n<p>La mamma Ada e il pap\u00e0 Giuseppe Muzzarelli, portarono a Torino nel dopoguerra la pasta emiliana, che ebbe un vero e proprio successo.    Achille, da bambino li affianc\u00f2 e impar\u00f2 le preziose tecniche e nonostante i cambiamenti che portarono la tecnologia ma che trasformarono anche Torino a livello sociale e culturale,  riusc\u00ec a far crescere l&#8217;azienda e a mantenere il nome all&#8217;interno del mondo della ristorazione diventando una sicurezza per tanti chefs.<\/p>\n\n\n\n<p>Oggi sono una ventina le persone che lavorano nell&#8217;azienda, i loro prodotti a partire dalle farine e dalle uova sono tutti prodotti d&#8217;eccellenza che confermano la bont\u00e0 e la genuinit\u00e0 della loro pasta.<\/p>\n\n\n\n<p>Potete trovare svariati tipi di pasta ripiena dalla vegetariana alla carne, al pesce fino alla pasta corta trafilata, una vera delizia e fortuna per Torino vantare di tanta bont\u00e0.<\/p>\n\n\n\n<figure class=\"wp-block-image\"><img decoding=\"async\" loading=\"lazy\" width=\"709\" height=\"473\" src=\"https:\/\/www.saperedigusto.com\/wp-content\/uploads\/2019\/11\/web-Pastificio-Bolognese-003-1.jpg\" alt=\"\" class=\"wp-image-358\" srcset=\"https:\/\/www.saperedigusto.com\/wp-content\/uploads\/2019\/11\/web-Pastificio-Bolognese-003-1.jpg 709w, https:\/\/www.saperedigusto.com\/wp-content\/uploads\/2019\/11\/web-Pastificio-Bolognese-003-1-300x200.jpg 300w\" sizes=\"(max-width: 709px) 100vw, 709px\" \/><\/figure>\n\n\n\n<p><\/p>\n","protected":false},"excerpt":{"rendered":"<p>Dal 1959 Achille dirige l&#8217;azienda o meglio passa le giornate tra i fornelli per ideare nuove ricette. Oggi le figlie Cristina, Laura e Elena hanno reso omaggio agli 80 anni del pap\u00e0 e ai 70 anni di attivit\u00e0 dedicandogli il Tortello d&#8217;Achille con un ripieno&nbsp;<a class=\"read-more\" href=\"https:\/\/www.saperedigusto.com\/index.php\/2019\/11\/13\/il-tortello-dachille-per-i-70-anni-di-attivita\/\">&hellip;<\/a><\/p>\n","protected":false},"author":2,"featured_media":356,"comment_status":"open","ping_status":"closed","sticky":false,"template":"","format":"standard","meta":{"_links_to":"","_links_to_target":""},"categories":[58],"tags":[2,3,60],"yoast_head":"<!-- This site is optimized with the Yoast SEO plugin v21.1 - https:\/\/yoast.com\/wordpress\/plugins\/seo\/ -->\r\n<title>Il Tortello d&#039;Achille per i 70 anni di attivit\u00e0 - Sapere di Gusto<\/title>\r\n<meta name=\"robots\" content=\"index, follow, max-snippet:-1, max-image-preview:large, max-video-preview:-1\" \/>\r\n<link rel=\"canonical\" href=\"https:\/\/www.saperedigusto.com\/index.php\/2019\/11\/13\/il-tortello-dachille-per-i-70-anni-di-attivita\/\" \/>\r\n<meta property=\"og:locale\" content=\"it_IT\" \/>\r\n<meta property=\"og:type\" content=\"article\" \/>\r\n<meta property=\"og:title\" content=\"Il Tortello d&#039;Achille per i 70 anni di attivit\u00e0 - Sapere di Gusto\" \/>\r\n<meta property=\"og:description\" content=\"Dal 1959 Achille dirige l&#8217;azienda o meglio passa le giornate tra i fornelli per ideare nuove ricette. Oggi le figlie Cristina, Laura e Elena hanno reso omaggio agli 80 anni del pap\u00e0 e ai 70 anni di attivit\u00e0 dedicandogli il Tortello d&#8217;Achille con un ripieno&nbsp;&hellip;\" \/>\r\n<meta property=\"og:url\" content=\"https:\/\/www.saperedigusto.com\/index.php\/2019\/11\/13\/il-tortello-dachille-per-i-70-anni-di-attivita\/\" \/>\r\n<meta property=\"og:site_name\" content=\"Sapere di Gusto\" \/>\r\n<meta property=\"article:published_time\" content=\"2019-11-13T10:15:36+00:00\" \/>\r\n<meta property=\"article:modified_time\" content=\"2019-11-13T10:15:39+00:00\" \/>\r\n<meta property=\"og:image\" content=\"https:\/\/www.saperedigusto.com\/wp-content\/uploads\/2019\/11\/WhatsApp-Image-2019-11-13-at-10.47.14.jpeg\" \/>\r\n\t<meta property=\"og:image:width\" content=\"1200\" \/>\r\n\t<meta property=\"og:image:height\" content=\"1600\" \/>\r\n\t<meta property=\"og:image:type\" content=\"image\/jpeg\" \/>\r\n<meta name=\"author\" content=\"Paola Uberti\" \/>\r\n<meta name=\"twitter:card\" content=\"summary_large_image\" \/>\r\n<meta name=\"twitter:label1\" content=\"Scritto da\" \/>\n\t<meta name=\"twitter:data1\" content=\"Paola Uberti\" \/>\n\t<meta name=\"twitter:label2\" content=\"Tempo di lettura stimato\" \/>\n\t<meta name=\"twitter:data2\" content=\"1 minuto\" \/>\r\n<script type=\"application\/ld+json\" class=\"yoast-schema-graph\">{\"@context\":\"https:\/\/schema.org\",\"@graph\":[{\"@type\":\"Article\",\"@id\":\"https:\/\/www.saperedigusto.com\/index.php\/2019\/11\/13\/il-tortello-dachille-per-i-70-anni-di-attivita\/#article\",\"isPartOf\":{\"@id\":\"https:\/\/www.saperedigusto.com\/index.php\/2019\/11\/13\/il-tortello-dachille-per-i-70-anni-di-attivita\/\"},\"author\":{\"name\":\"Paola Uberti\",\"@id\":\"https:\/\/www.saperedigusto.com\/#\/schema\/person\/42636f57496e8b778d5228241687a101\"},\"headline\":\"Il Tortello d&#8217;Achille per i 70 anni di attivit\u00e0\",\"datePublished\":\"2019-11-13T10:15:36+00:00\",\"dateModified\":\"2019-11-13T10:15:39+00:00\",\"mainEntityOfPage\":{\"@id\":\"https:\/\/www.saperedigusto.com\/index.php\/2019\/11\/13\/il-tortello-dachille-per-i-70-anni-di-attivita\/\"},\"wordCount\":209,\"commentCount\":0,\"publisher\":{\"@id\":\"https:\/\/www.saperedigusto.com\/#organization\"},\"keywords\":[\"saperedigusto\",\"saperedigustomagazine\",\"Torino\"],\"articleSection\":[\"Le nostre storie | Our stories\"],\"inLanguage\":\"it-IT\",\"potentialAction\":[{\"@type\":\"CommentAction\",\"name\":\"Comment\",\"target\":[\"https:\/\/www.saperedigusto.com\/index.php\/2019\/11\/13\/il-tortello-dachille-per-i-70-anni-di-attivita\/#respond\"]}]},{\"@type\":\"WebPage\",\"@id\":\"https:\/\/www.saperedigusto.com\/index.php\/2019\/11\/13\/il-tortello-dachille-per-i-70-anni-di-attivita\/\",\"url\":\"https:\/\/www.saperedigusto.com\/index.php\/2019\/11\/13\/il-tortello-dachille-per-i-70-anni-di-attivita\/\",\"name\":\"Il Tortello d'Achille per i 70 anni di attivit\u00e0 - Sapere di Gusto\",\"isPartOf\":{\"@id\":\"https:\/\/www.saperedigusto.com\/#website\"},\"datePublished\":\"2019-11-13T10:15:36+00:00\",\"dateModified\":\"2019-11-13T10:15:39+00:00\",\"breadcrumb\":{\"@id\":\"https:\/\/www.saperedigusto.com\/index.php\/2019\/11\/13\/il-tortello-dachille-per-i-70-anni-di-attivita\/#breadcrumb\"},\"inLanguage\":\"it-IT\",\"potentialAction\":[{\"@type\":\"ReadAction\",\"target\":[\"https:\/\/www.saperedigusto.com\/index.php\/2019\/11\/13\/il-tortello-dachille-per-i-70-anni-di-attivita\/\"]}]},{\"@type\":\"BreadcrumbList\",\"@id\":\"https:\/\/www.saperedigusto.com\/index.php\/2019\/11\/13\/il-tortello-dachille-per-i-70-anni-di-attivita\/#breadcrumb\",\"itemListElement\":[{\"@type\":\"ListItem\",\"position\":1,\"name\":\"Home\",\"item\":\"https:\/\/www.saperedigusto.com\/\"},{\"@type\":\"ListItem\",\"position\":2,\"name\":\"Il Tortello d&#8217;Achille per i 70 anni di attivit\u00e0\"}]},{\"@type\":\"WebSite\",\"@id\":\"https:\/\/www.saperedigusto.com\/#website\",\"url\":\"https:\/\/www.saperedigusto.com\/\",\"name\":\"Sapere di Gusto\",\"description\":\"Il magazine online che unisce enogastronomia, cultura, ispirazione, emozione\",\"publisher\":{\"@id\":\"https:\/\/www.saperedigusto.com\/#organization\"},\"potentialAction\":[{\"@type\":\"SearchAction\",\"target\":{\"@type\":\"EntryPoint\",\"urlTemplate\":\"https:\/\/www.saperedigusto.com\/?s={search_term_string}\"},\"query-input\":\"required name=search_term_string\"}],\"inLanguage\":\"it-IT\"},{\"@type\":\"Organization\",\"@id\":\"https:\/\/www.saperedigusto.com\/#organization\",\"name\":\"Sapere di Gusto\",\"url\":\"https:\/\/www.saperedigusto.com\/\",\"logo\":{\"@type\":\"ImageObject\",\"inLanguage\":\"it-IT\",\"@id\":\"https:\/\/www.saperedigusto.com\/#\/schema\/logo\/image\/\",\"url\":\"https:\/\/www.saperedigusto.com\/wp-content\/uploads\/2019\/05\/cropped-Marchio-Or-HP-6.png\",\"contentUrl\":\"https:\/\/www.saperedigusto.com\/wp-content\/uploads\/2019\/05\/cropped-Marchio-Or-HP-6.png\",\"width\":526,\"height\":412,\"caption\":\"Sapere di Gusto\"},\"image\":{\"@id\":\"https:\/\/www.saperedigusto.com\/#\/schema\/logo\/image\/\"}},{\"@type\":\"Person\",\"@id\":\"https:\/\/www.saperedigusto.com\/#\/schema\/person\/42636f57496e8b778d5228241687a101\",\"name\":\"Paola Uberti\",\"image\":{\"@type\":\"ImageObject\",\"inLanguage\":\"it-IT\",\"@id\":\"https:\/\/www.saperedigusto.com\/#\/schema\/person\/image\/\",\"url\":\"https:\/\/secure.gravatar.com\/avatar\/9ab720df5f1d3058880b35c6c477f297?s=96&d=mm&r=g\",\"contentUrl\":\"https:\/\/secure.gravatar.com\/avatar\/9ab720df5f1d3058880b35c6c477f297?s=96&d=mm&r=g\",\"caption\":\"Paola Uberti\"},\"sameAs\":[\"https:\/\/www.saperedigusto.com\"],\"url\":\"https:\/\/www.saperedigusto.com\/index.php\/author\/paola-uberti\/\"}]}<\/script>\r\n<!-- \/ Yoast SEO plugin. -->","yoast_head_json":{"title":"Il Tortello d'Achille per i 70 anni di attivit\u00e0 - Sapere di Gusto","robots":{"index":"index","follow":"follow","max-snippet":"max-snippet:-1","max-image-preview":"max-image-preview:large","max-video-preview":"max-video-preview:-1"},"canonical":"https:\/\/www.saperedigusto.com\/index.php\/2019\/11\/13\/il-tortello-dachille-per-i-70-anni-di-attivita\/","og_locale":"it_IT","og_type":"article","og_title":"Il Tortello d'Achille per i 70 anni di attivit\u00e0 - Sapere di Gusto","og_description":"Dal 1959 Achille dirige l&#8217;azienda o meglio passa le giornate tra i fornelli per ideare nuove ricette. Oggi le figlie Cristina, Laura e Elena hanno reso omaggio agli 80 anni del pap\u00e0 e ai 70 anni di attivit\u00e0 dedicandogli il Tortello d&#8217;Achille con un ripieno&nbsp;&hellip;","og_url":"https:\/\/www.saperedigusto.com\/index.php\/2019\/11\/13\/il-tortello-dachille-per-i-70-anni-di-attivita\/","og_site_name":"Sapere di Gusto","article_published_time":"2019-11-13T10:15:36+00:00","article_modified_time":"2019-11-13T10:15:39+00:00","og_image":[{"width":1200,"height":1600,"url":"https:\/\/www.saperedigusto.com\/wp-content\/uploads\/2019\/11\/WhatsApp-Image-2019-11-13-at-10.47.14.jpeg","type":"image\/jpeg"}],"author":"Paola Uberti","twitter_card":"summary_large_image","twitter_misc":{"Scritto da":"Paola Uberti","Tempo di lettura stimato":"1 minuto"},"schema":{"@context":"https:\/\/schema.org","@graph":[{"@type":"Article","@id":"https:\/\/www.saperedigusto.com\/index.php\/2019\/11\/13\/il-tortello-dachille-per-i-70-anni-di-attivita\/#article","isPartOf":{"@id":"https:\/\/www.saperedigusto.com\/index.php\/2019\/11\/13\/il-tortello-dachille-per-i-70-anni-di-attivita\/"},"author":{"name":"Paola Uberti","@id":"https:\/\/www.saperedigusto.com\/#\/schema\/person\/42636f57496e8b778d5228241687a101"},"headline":"Il Tortello d&#8217;Achille per i 70 anni di attivit\u00e0","datePublished":"2019-11-13T10:15:36+00:00","dateModified":"2019-11-13T10:15:39+00:00","mainEntityOfPage":{"@id":"https:\/\/www.saperedigusto.com\/index.php\/2019\/11\/13\/il-tortello-dachille-per-i-70-anni-di-attivita\/"},"wordCount":209,"commentCount":0,"publisher":{"@id":"https:\/\/www.saperedigusto.com\/#organization"},"keywords":["saperedigusto","saperedigustomagazine","Torino"],"articleSection":["Le nostre storie | Our stories"],"inLanguage":"it-IT","potentialAction":[{"@type":"CommentAction","name":"Comment","target":["https:\/\/www.saperedigusto.com\/index.php\/2019\/11\/13\/il-tortello-dachille-per-i-70-anni-di-attivita\/#respond"]}]},{"@type":"WebPage","@id":"https:\/\/www.saperedigusto.com\/index.php\/2019\/11\/13\/il-tortello-dachille-per-i-70-anni-di-attivita\/","url":"https:\/\/www.saperedigusto.com\/index.php\/2019\/11\/13\/il-tortello-dachille-per-i-70-anni-di-attivita\/","name":"Il Tortello d'Achille per i 70 anni di attivit\u00e0 - Sapere di Gusto","isPartOf":{"@id":"https:\/\/www.saperedigusto.com\/#website"},"datePublished":"2019-11-13T10:15:36+00:00","dateModified":"2019-11-13T10:15:39+00:00","breadcrumb":{"@id":"https:\/\/www.saperedigusto.com\/index.php\/2019\/11\/13\/il-tortello-dachille-per-i-70-anni-di-attivita\/#breadcrumb"},"inLanguage":"it-IT","potentialAction":[{"@type":"ReadAction","target":["https:\/\/www.saperedigusto.com\/index.php\/2019\/11\/13\/il-tortello-dachille-per-i-70-anni-di-attivita\/"]}]},{"@type":"BreadcrumbList","@id":"https:\/\/www.saperedigusto.com\/index.php\/2019\/11\/13\/il-tortello-dachille-per-i-70-anni-di-attivita\/#breadcrumb","itemListElement":[{"@type":"ListItem","position":1,"name":"Home","item":"https:\/\/www.saperedigusto.com\/"},{"@type":"ListItem","position":2,"name":"Il Tortello d&#8217;Achille per i 70 anni di attivit\u00e0"}]},{"@type":"WebSite","@id":"https:\/\/www.saperedigusto.com\/#website","url":"https:\/\/www.saperedigusto.com\/","name":"Sapere di Gusto","description":"Il magazine online che unisce enogastronomia, cultura, ispirazione, emozione","publisher":{"@id":"https:\/\/www.saperedigusto.com\/#organization"},"potentialAction":[{"@type":"SearchAction","target":{"@type":"EntryPoint","urlTemplate":"https:\/\/www.saperedigusto.com\/?s={search_term_string}"},"query-input":"required name=search_term_string"}],"inLanguage":"it-IT"},{"@type":"Organization","@id":"https:\/\/www.saperedigusto.com\/#organization","name":"Sapere di Gusto","url":"https:\/\/www.saperedigusto.com\/","logo":{"@type":"ImageObject","inLanguage":"it-IT","@id":"https:\/\/www.saperedigusto.com\/#\/schema\/logo\/image\/","url":"https:\/\/www.saperedigusto.com\/wp-content\/uploads\/2019\/05\/cropped-Marchio-Or-HP-6.png","contentUrl":"https:\/\/www.saperedigusto.com\/wp-content\/uploads\/2019\/05\/cropped-Marchio-Or-HP-6.png","width":526,"height":412,"caption":"Sapere di Gusto"},"image":{"@id":"https:\/\/www.saperedigusto.com\/#\/schema\/logo\/image\/"}},{"@type":"Person","@id":"https:\/\/www.saperedigusto.com\/#\/schema\/person\/42636f57496e8b778d5228241687a101","name":"Paola Uberti","image":{"@type":"ImageObject","inLanguage":"it-IT","@id":"https:\/\/www.saperedigusto.com\/#\/schema\/person\/image\/","url":"https:\/\/secure.gravatar.com\/avatar\/9ab720df5f1d3058880b35c6c477f297?s=96&d=mm&r=g","contentUrl":"https:\/\/secure.gravatar.com\/avatar\/9ab720df5f1d3058880b35c6c477f297?s=96&d=mm&r=g","caption":"Paola Uberti"},"sameAs":["https:\/\/www.saperedigusto.com"],"url":"https:\/\/www.saperedigusto.com\/index.php\/author\/paola-uberti\/"}]}},"_links":{"self":[{"href":"https:\/\/www.saperedigusto.com\/index.php\/wp-json\/wp\/v2\/posts\/355"}],"collection":[{"href":"https:\/\/www.saperedigusto.com\/index.php\/wp-json\/wp\/v2\/posts"}],"about":[{"href":"https:\/\/www.saperedigusto.com\/index.php\/wp-json\/wp\/v2\/types\/post"}],"author":[{"embeddable":true,"href":"https:\/\/www.saperedigusto.com\/index.php\/wp-json\/wp\/v2\/users\/2"}],"replies":[{"embeddable":true,"href":"https:\/\/www.saperedigusto.com\/index.php\/wp-json\/wp\/v2\/comments?post=355"}],"version-history":[{"count":1,"href":"https:\/\/www.saperedigusto.com\/index.php\/wp-json\/wp\/v2\/posts\/355\/revisions"}],"predecessor-version":[{"id":361,"href":"https:\/\/www.saperedigusto.com\/index.php\/wp-json\/wp\/v2\/posts\/355\/revisions\/361"}],"wp:featuredmedia":[{"embeddable":true,"href":"https:\/\/www.saperedigusto.com\/index.php\/wp-json\/wp\/v2\/media\/356"}],"wp:attachment":[{"href":"https:\/\/www.saperedigusto.com\/index.php\/wp-json\/wp\/v2\/media?parent=355"}],"wp:term":[{"taxonomy":"category","embeddable":true,"href":"https:\/\/www.saperedigusto.com\/index.php\/wp-json\/wp\/v2\/categories?post=355"},{"taxonomy":"post_tag","embeddable":true,"href":"https:\/\/www.saperedigusto.com\/index.php\/wp-json\/wp\/v2\/tags?post=355"}],"curies":[{"name":"wp","href":"https:\/\/api.w.org\/{rel}","templated":true}]}}