{"id":90,"date":"2019-05-06T12:45:33","date_gmt":"2019-05-06T12:45:33","guid":{"rendered":"http:\/\/www.saperedigusto.com\/?p=90"},"modified":"2019-10-11T11:46:48","modified_gmt":"2019-10-11T11:46:48","slug":"sake-italiano","status":"publish","type":"post","link":"https:\/\/www.saperedigusto.com\/index.php\/2019\/05\/06\/sake-italiano\/","title":{"rendered":"Miscel-Azione: dall&#8217;acqua al Nero con il sake italiano."},"content":{"rendered":"\n<blockquote class=\"wp-block-quote is-style-large\"><p>Benvenuto al primo sake italiano al mondo per il quale la miscelazione \u00e8 origine ed espressione.<\/p><\/blockquote>\n\n\n\n<figure class=\"wp-block-image\"><img decoding=\"async\" loading=\"lazy\" width=\"683\" height=\"1024\" src=\"https:\/\/www.saperedigusto.com\/wp-content\/uploads\/2019\/05\/NERO-Press-Tour_2mag19_SOCIAL-683x1024.jpg\" alt=\"\" class=\"wp-image-91\" srcset=\"https:\/\/www.saperedigusto.com\/wp-content\/uploads\/2019\/05\/NERO-Press-Tour_2mag19_SOCIAL-683x1024.jpg 683w, https:\/\/www.saperedigusto.com\/wp-content\/uploads\/2019\/05\/NERO-Press-Tour_2mag19_SOCIAL-200x300.jpg 200w, https:\/\/www.saperedigusto.com\/wp-content\/uploads\/2019\/05\/NERO-Press-Tour_2mag19_SOCIAL-768x1152.jpg 768w, https:\/\/www.saperedigusto.com\/wp-content\/uploads\/2019\/05\/NERO-Press-Tour_2mag19_SOCIAL.jpg 1424w\" sizes=\"(max-width: 683px) 100vw, 683px\" \/><\/figure>\n\n\n\n<p><em>2 maggio 2019<\/em><\/p>\n\n\n\n<p>Due atomi di idrogeno legati a uno di\nossigeno ed ecco la <em>miscelazione<\/em> -chiamatelo\npure miracolo- che unisce chimica e poesia: una molecola d\u2019acqua.<\/p>\n\n\n\n<p>Acqua che scorre, che non si ferma mai.\nAcqua la cui selvaggia e multiforme natura pu\u00f2 portare vita, rivelandosi madre\ngenerosa e accudente, solo se la si conosce profondamente e la si rispetta,\nriconoscendole quel potere che <em>miscela<\/em> prosa e\nlirica, scienza e alchimia, meccanica e anima, ma non solo. Perch\u00e9 quando\nChivasso, Vercelli e Torino, i fiumi Po e Dora, l\u2019Oriente e l\u2019Occidente del\nmondo, la montagna e la pianura, gli aironi e gli ibis sacri si fanno\nidealmente colori, <em>miscelandosi<\/em> essi creano\nil nero. Un nero unico e speciale, meraviglioso nella sua pura identit\u00e0 e\ncapace di essere accogliente sfondo sul quale brillano le peculiarit\u00e0 degli\nelementi che gli danno vita.<\/p>\n\n\n\n<p>Stiamo parlando di quella Chivasso in cui il Canale Cavour, attraverso l\u2019azione di acquaioli e navilanti -che s\u00ec che ne sanno di acqua, tanto da interagire con essa attraverso i sensi prima che con la tecnologia-, alimentato dal concerto stagionale di Po e Dora fatti anche di montagna e pianura, inizia il suo viaggio verso le risaie di Vercelli dove nasce un riso nero speciale, il Penelope.<br>Stiamo parlando di quella Torino che con la sua tradizione birraia e vermoutiera si fonde con le altre due citt\u00e0 in un liquido evoluto, ispirato alla tradizione giapponese millenaria del <em>nihonshu<\/em>, traducendola in un linguaggio potentemente innervato di territorialit\u00e0 piemontese, pieno di visionariet\u00e0, pionierismo e coraggio, suscitati dal suono dell\u2019acqua che scorre per poi riposare nelle risaie, dove \u00e8 possibile incontrare aironi autoctoni e ibis sacri alloctoni.<\/p>\n\n\n\n<p>Autentiche meraviglie della <em>miscel-azione<\/em>\u2026<\/p>\n\n\n\n<p>Nera \u00e8 la notte che libera\nl\u2019espressivit\u00e0 dell\u2019inconscio e partorisce i sogni, nero \u00e8 il vello della\npecora che sa distinguersi -e per questo ad alcuni fa paura-, nero \u00e8 il riso\nPenelope che d\u00e0 vita al primo sake italiano il cui nome \u00e8\u2026Nero.<\/p>\n\n\n\n<p>Ora, diteci: trascendendo i rispettabili tecnicismi e giungendo nella terra della creativit\u00e0, non \u00e8 il nero un colore a tutti gli effetti e non \u00e8 esso ricco, sfaccettato, seducente? E, tradotto nel sake che ne prende il nome, non \u00e8 una chiave di volta per un\u2019innovativa vivace ed elegante <em>miscelazione<\/em> di spiriti (in ogni senso)? Unione di spirits di eccellenza in cui, attraverso i gesti di chi sa renderli uno zootropio da bere, <em>il nero del Nero<\/em>, toccando i colori degli altri ingredienti, ammanta questi di un\u2019ombra sottile ed elegante come seta d\u2019oriente e, legandosi ai sapori, crea sinfonie che il senso del gusto vive come nuove esperienze, nuovi stimoli e inedite emozioni. <em>Miscelazioni<\/em> che sanno persino accompagnare un pasto, declinandosi in sapori differenti, cangianti, versatili, ora secchi, rettilinei, sottili, maschili, ora opulenti, fruttati, sfaccettati, caleidoscopici, provocatori, irriverenti.<\/p>\n\n\n\n<p>Tutto questo \u00e8 stato il press tour al quale abbiamo partecipato gioved\u00ec 2 maggio, dedicato a Nero, il sake italiano di Vercelli, rivelatosi una <em>miscelazione<\/em> di stimoli e sensazioni.<\/p>\n\n\n\n<figure class=\"wp-block-image\"><img decoding=\"async\" loading=\"lazy\" width=\"724\" height=\"1024\" src=\"https:\/\/www.saperedigusto.com\/wp-content\/uploads\/2019\/05\/LIBRICETTE-ARTICOLO-PRESS-TOUR-SAKE-NERO-2MAG19_Canale-Cavour-724x1024.jpg\" alt=\"\" class=\"wp-image-92\" srcset=\"https:\/\/www.saperedigusto.com\/wp-content\/uploads\/2019\/05\/LIBRICETTE-ARTICOLO-PRESS-TOUR-SAKE-NERO-2MAG19_Canale-Cavour-724x1024.jpg 724w, https:\/\/www.saperedigusto.com\/wp-content\/uploads\/2019\/05\/LIBRICETTE-ARTICOLO-PRESS-TOUR-SAKE-NERO-2MAG19_Canale-Cavour-212x300.jpg 212w, https:\/\/www.saperedigusto.com\/wp-content\/uploads\/2019\/05\/LIBRICETTE-ARTICOLO-PRESS-TOUR-SAKE-NERO-2MAG19_Canale-Cavour-768x1087.jpg 768w, https:\/\/www.saperedigusto.com\/wp-content\/uploads\/2019\/05\/LIBRICETTE-ARTICOLO-PRESS-TOUR-SAKE-NERO-2MAG19_Canale-Cavour.jpg 793w\" sizes=\"(max-width: 724px) 100vw, 724px\" \/><\/figure>\n\n\n\n<p>Dall\u2019edificio di imbocco del <a href=\"http:\/\/www.ovestsesia.it\/storia\/il-canale-cavour\/\">Canale Cavour a Chivasso<\/a>, monumento di mattoni e granito con una struttura che sembra la materializzazione di una visione di De Chirico che si fa tempio dell\u2019acqua, alle rilucenti risaie di Vercelli. Dal ristorante <a href=\"https:\/\/www.facebook.com\/diquivercelli\/\">Diqui<\/a> della stessa citt\u00e0, suggestivo spazio multifunzionale dedicato alla celebrazione del territorio attraverso cucina e arte, a Palazzo Buronzo di Asigliano nel quale ho mixato il Nero con estratti e botaniche, fino alla sede de <a href=\"http:\/\/www.gliaironi.it\/\">Gli Aironi<\/a>.<br>L\u2019acqua e la sinfonia metaforica del nero ci hanno accompagnato facendoci scoprire legami e percorsi di intelletto e creativit\u00e0, fatti di realt\u00e0 differenti che ora convivono in un prodotto innovativo.<\/p>\n\n\n\n<figure class=\"wp-block-image\"><img decoding=\"async\" loading=\"lazy\" width=\"724\" height=\"1024\" src=\"https:\/\/www.saperedigusto.com\/wp-content\/uploads\/2019\/05\/LIBRICETTE-ARTICOLO-PRESS-TOUR-SAKE-NERO-2MAG19_Pranzo-724x1024.jpg\" alt=\"\" class=\"wp-image-93\" srcset=\"https:\/\/www.saperedigusto.com\/wp-content\/uploads\/2019\/05\/LIBRICETTE-ARTICOLO-PRESS-TOUR-SAKE-NERO-2MAG19_Pranzo-724x1024.jpg 724w, https:\/\/www.saperedigusto.com\/wp-content\/uploads\/2019\/05\/LIBRICETTE-ARTICOLO-PRESS-TOUR-SAKE-NERO-2MAG19_Pranzo-212x300.jpg 212w, https:\/\/www.saperedigusto.com\/wp-content\/uploads\/2019\/05\/LIBRICETTE-ARTICOLO-PRESS-TOUR-SAKE-NERO-2MAG19_Pranzo-768x1087.jpg 768w, https:\/\/www.saperedigusto.com\/wp-content\/uploads\/2019\/05\/LIBRICETTE-ARTICOLO-PRESS-TOUR-SAKE-NERO-2MAG19_Pranzo.jpg 793w\" sizes=\"(max-width: 724px) 100vw, 724px\" \/><\/figure>\n\n\n\n<p>Ringraziamo quindi quanti ci hanno accolto, ospitato, istruito e accompagnato: Stefano Bosco, Ombretta Bertolo de <a href=\"http:\/\/www.ovestsesia.it\/storia\/il-canale-cavour\/\">l\u2019Associazione di Irrigazione Ovest Sesia<\/a>, Massimiliano Borgia, Gabriele Conte de <a href=\"http:\/\/www.gliaironi.it\/\">Gli Aironi<\/a>, il ristorante <a href=\"https:\/\/www.facebook.com\/diquivercelli\/\">Diqui<\/a> di Vercelli, Davide Pinto, <a href=\"https:\/\/www.facebook.com\/affinitorino\/\">Affini<\/a> ed <a href=\"http:\/\/www.evho.it\/\">Evho<\/a> che, con Gli Aironi, sono i fautori di <a href=\"https:\/\/www.sakeitaliano.it\/\">Nero &#8211; Sake di Vercelli<\/a>, oltre agli amici, conosciuti e nuovi, che ho incontrato.<\/p>\n\n\n\n<p>Vi lasciamo con una riflessione: per consentire a sogni e visioni di esprimersi in tutta la loro potenza, chiudiamo sempre gli occhi. Prima che le immagini si palesino, parlando della nostra pi\u00f9 intima essenza, quando il campo \u00e8 sgombero, puro e pronto ad accogliere la fantasia, non \u201cvediamo\u201d altro che\u2026nero.<\/p>\n","protected":false},"excerpt":{"rendered":"<p>NERO &#8211; SAKE DI VERCELLI \u00e8 il primo sake italiano al mondo. Venite a conoscerlo assieme a noi in un viaggio all&#8217;insegna della MISCEL-AZIONE&#8230;<\/p>\n","protected":false},"author":1,"featured_media":91,"comment_status":"open","ping_status":"closed","sticky":false,"template":"","format":"standard","meta":{"_links_to":"","_links_to_target":""},"categories":[58],"tags":[13,12,10,11],"yoast_head":"<!-- This site is optimized with the Yoast SEO plugin v21.1 - https:\/\/yoast.com\/wordpress\/plugins\/seo\/ -->\r\n<title>Miscel-Azione: dall&#039;acqua al Nero con il sake italiano. - Sapere di Gusto<\/title>\r\n<meta name=\"description\" content=\"Venite a conoscere NERO - SAKE DI VERCELLI. Il primo sake italiano al mondo prodotto con il riso nero Penelope che fa della miscelazione la sua origine e la sua destinazione.\" \/>\r\n<meta name=\"robots\" content=\"index, follow, max-snippet:-1, max-image-preview:large, max-video-preview:-1\" \/>\r\n<link rel=\"canonical\" href=\"https:\/\/www.saperedigusto.com\/index.php\/2019\/05\/06\/sake-italiano\/\" \/>\r\n<meta property=\"og:locale\" content=\"it_IT\" \/>\r\n<meta property=\"og:type\" content=\"article\" \/>\r\n<meta property=\"og:title\" content=\"Miscel-Azione: dall&#039;acqua al Nero con il sake italiano. - Sapere di Gusto\" \/>\r\n<meta property=\"og:description\" content=\"Venite a conoscere NERO - SAKE DI VERCELLI. Il primo sake italiano al mondo prodotto con il riso nero Penelope che fa della miscelazione la sua origine e la sua destinazione.\" \/>\r\n<meta property=\"og:url\" content=\"https:\/\/www.saperedigusto.com\/index.php\/2019\/05\/06\/sake-italiano\/\" \/>\r\n<meta property=\"og:site_name\" content=\"Sapere di Gusto\" \/>\r\n<meta property=\"article:published_time\" content=\"2019-05-06T12:45:33+00:00\" \/>\r\n<meta property=\"article:modified_time\" content=\"2019-10-11T11:46:48+00:00\" \/>\r\n<meta property=\"og:image\" content=\"https:\/\/www.saperedigusto.com\/wp-content\/uploads\/2019\/05\/NERO-Press-Tour_2mag19_SOCIAL.jpg\" \/>\r\n\t<meta property=\"og:image:width\" content=\"1424\" \/>\r\n\t<meta property=\"og:image:height\" content=\"2136\" \/>\r\n\t<meta property=\"og:image:type\" content=\"image\/jpeg\" \/>\r\n<meta name=\"author\" content=\"SapereDiGusto\" \/>\r\n<meta name=\"twitter:card\" content=\"summary_large_image\" \/>\r\n<meta name=\"twitter:label1\" content=\"Scritto da\" \/>\n\t<meta name=\"twitter:data1\" content=\"SapereDiGusto\" \/>\n\t<meta name=\"twitter:label2\" content=\"Tempo di lettura stimato\" \/>\n\t<meta name=\"twitter:data2\" content=\"4 minuti\" \/>\r\n<script type=\"application\/ld+json\" class=\"yoast-schema-graph\">{\"@context\":\"https:\/\/schema.org\",\"@graph\":[{\"@type\":\"Article\",\"@id\":\"https:\/\/www.saperedigusto.com\/index.php\/2019\/05\/06\/sake-italiano\/#article\",\"isPartOf\":{\"@id\":\"https:\/\/www.saperedigusto.com\/index.php\/2019\/05\/06\/sake-italiano\/\"},\"author\":{\"name\":\"SapereDiGusto\",\"@id\":\"https:\/\/www.saperedigusto.com\/#\/schema\/person\/d99bd0603a35965a423403e78de2f6f9\"},\"headline\":\"Miscel-Azione: dall&#8217;acqua al Nero con il sake italiano.\",\"datePublished\":\"2019-05-06T12:45:33+00:00\",\"dateModified\":\"2019-10-11T11:46:48+00:00\",\"mainEntityOfPage\":{\"@id\":\"https:\/\/www.saperedigusto.com\/index.php\/2019\/05\/06\/sake-italiano\/\"},\"wordCount\":729,\"commentCount\":0,\"publisher\":{\"@id\":\"https:\/\/www.saperedigusto.com\/#organization\"},\"keywords\":[\"miscelazione\",\"mixology\",\"sakenero\",\"sakeneroitaliano\"],\"articleSection\":[\"Le nostre storie | Our stories\"],\"inLanguage\":\"it-IT\",\"potentialAction\":[{\"@type\":\"CommentAction\",\"name\":\"Comment\",\"target\":[\"https:\/\/www.saperedigusto.com\/index.php\/2019\/05\/06\/sake-italiano\/#respond\"]}]},{\"@type\":\"WebPage\",\"@id\":\"https:\/\/www.saperedigusto.com\/index.php\/2019\/05\/06\/sake-italiano\/\",\"url\":\"https:\/\/www.saperedigusto.com\/index.php\/2019\/05\/06\/sake-italiano\/\",\"name\":\"Miscel-Azione: dall'acqua al Nero con il sake italiano. - Sapere di Gusto\",\"isPartOf\":{\"@id\":\"https:\/\/www.saperedigusto.com\/#website\"},\"datePublished\":\"2019-05-06T12:45:33+00:00\",\"dateModified\":\"2019-10-11T11:46:48+00:00\",\"description\":\"Venite a conoscere NERO - SAKE DI VERCELLI. Il primo sake italiano al mondo prodotto con il riso nero Penelope che fa della miscelazione la sua origine e la sua destinazione.\",\"breadcrumb\":{\"@id\":\"https:\/\/www.saperedigusto.com\/index.php\/2019\/05\/06\/sake-italiano\/#breadcrumb\"},\"inLanguage\":\"it-IT\",\"potentialAction\":[{\"@type\":\"ReadAction\",\"target\":[\"https:\/\/www.saperedigusto.com\/index.php\/2019\/05\/06\/sake-italiano\/\"]}]},{\"@type\":\"BreadcrumbList\",\"@id\":\"https:\/\/www.saperedigusto.com\/index.php\/2019\/05\/06\/sake-italiano\/#breadcrumb\",\"itemListElement\":[{\"@type\":\"ListItem\",\"position\":1,\"name\":\"Home\",\"item\":\"https:\/\/www.saperedigusto.com\/\"},{\"@type\":\"ListItem\",\"position\":2,\"name\":\"Miscel-Azione: dall&#8217;acqua al Nero con il sake italiano.\"}]},{\"@type\":\"WebSite\",\"@id\":\"https:\/\/www.saperedigusto.com\/#website\",\"url\":\"https:\/\/www.saperedigusto.com\/\",\"name\":\"Sapere di Gusto\",\"description\":\"Il magazine online che unisce enogastronomia, cultura, ispirazione, emozione\",\"publisher\":{\"@id\":\"https:\/\/www.saperedigusto.com\/#organization\"},\"potentialAction\":[{\"@type\":\"SearchAction\",\"target\":{\"@type\":\"EntryPoint\",\"urlTemplate\":\"https:\/\/www.saperedigusto.com\/?s={search_term_string}\"},\"query-input\":\"required name=search_term_string\"}],\"inLanguage\":\"it-IT\"},{\"@type\":\"Organization\",\"@id\":\"https:\/\/www.saperedigusto.com\/#organization\",\"name\":\"Sapere di Gusto\",\"url\":\"https:\/\/www.saperedigusto.com\/\",\"logo\":{\"@type\":\"ImageObject\",\"inLanguage\":\"it-IT\",\"@id\":\"https:\/\/www.saperedigusto.com\/#\/schema\/logo\/image\/\",\"url\":\"https:\/\/www.saperedigusto.com\/wp-content\/uploads\/2019\/05\/cropped-Marchio-Or-HP-6.png\",\"contentUrl\":\"https:\/\/www.saperedigusto.com\/wp-content\/uploads\/2019\/05\/cropped-Marchio-Or-HP-6.png\",\"width\":526,\"height\":412,\"caption\":\"Sapere di Gusto\"},\"image\":{\"@id\":\"https:\/\/www.saperedigusto.com\/#\/schema\/logo\/image\/\"}},{\"@type\":\"Person\",\"@id\":\"https:\/\/www.saperedigusto.com\/#\/schema\/person\/d99bd0603a35965a423403e78de2f6f9\",\"name\":\"SapereDiGusto\",\"image\":{\"@type\":\"ImageObject\",\"inLanguage\":\"it-IT\",\"@id\":\"https:\/\/www.saperedigusto.com\/#\/schema\/person\/image\/\",\"url\":\"https:\/\/secure.gravatar.com\/avatar\/ad75e840f4f30892ee0203ce11271b4d?s=96&d=mm&r=g\",\"contentUrl\":\"https:\/\/secure.gravatar.com\/avatar\/ad75e840f4f30892ee0203ce11271b4d?s=96&d=mm&r=g\",\"caption\":\"SapereDiGusto\"},\"url\":\"https:\/\/www.saperedigusto.com\/index.php\/author\/saperedigusto\/\"}]}<\/script>\r\n<!-- \/ Yoast SEO plugin. -->","yoast_head_json":{"title":"Miscel-Azione: dall'acqua al Nero con il sake italiano. - Sapere di Gusto","description":"Venite a conoscere NERO - SAKE DI VERCELLI. Il primo sake italiano al mondo prodotto con il riso nero Penelope che fa della miscelazione la sua origine e la sua destinazione.","robots":{"index":"index","follow":"follow","max-snippet":"max-snippet:-1","max-image-preview":"max-image-preview:large","max-video-preview":"max-video-preview:-1"},"canonical":"https:\/\/www.saperedigusto.com\/index.php\/2019\/05\/06\/sake-italiano\/","og_locale":"it_IT","og_type":"article","og_title":"Miscel-Azione: dall'acqua al Nero con il sake italiano. - Sapere di Gusto","og_description":"Venite a conoscere NERO - SAKE DI VERCELLI. Il primo sake italiano al mondo prodotto con il riso nero Penelope che fa della miscelazione la sua origine e la sua destinazione.","og_url":"https:\/\/www.saperedigusto.com\/index.php\/2019\/05\/06\/sake-italiano\/","og_site_name":"Sapere di Gusto","article_published_time":"2019-05-06T12:45:33+00:00","article_modified_time":"2019-10-11T11:46:48+00:00","og_image":[{"width":1424,"height":2136,"url":"https:\/\/www.saperedigusto.com\/wp-content\/uploads\/2019\/05\/NERO-Press-Tour_2mag19_SOCIAL.jpg","type":"image\/jpeg"}],"author":"SapereDiGusto","twitter_card":"summary_large_image","twitter_misc":{"Scritto da":"SapereDiGusto","Tempo di lettura stimato":"4 minuti"},"schema":{"@context":"https:\/\/schema.org","@graph":[{"@type":"Article","@id":"https:\/\/www.saperedigusto.com\/index.php\/2019\/05\/06\/sake-italiano\/#article","isPartOf":{"@id":"https:\/\/www.saperedigusto.com\/index.php\/2019\/05\/06\/sake-italiano\/"},"author":{"name":"SapereDiGusto","@id":"https:\/\/www.saperedigusto.com\/#\/schema\/person\/d99bd0603a35965a423403e78de2f6f9"},"headline":"Miscel-Azione: dall&#8217;acqua al Nero con il sake italiano.","datePublished":"2019-05-06T12:45:33+00:00","dateModified":"2019-10-11T11:46:48+00:00","mainEntityOfPage":{"@id":"https:\/\/www.saperedigusto.com\/index.php\/2019\/05\/06\/sake-italiano\/"},"wordCount":729,"commentCount":0,"publisher":{"@id":"https:\/\/www.saperedigusto.com\/#organization"},"keywords":["miscelazione","mixology","sakenero","sakeneroitaliano"],"articleSection":["Le nostre storie | Our stories"],"inLanguage":"it-IT","potentialAction":[{"@type":"CommentAction","name":"Comment","target":["https:\/\/www.saperedigusto.com\/index.php\/2019\/05\/06\/sake-italiano\/#respond"]}]},{"@type":"WebPage","@id":"https:\/\/www.saperedigusto.com\/index.php\/2019\/05\/06\/sake-italiano\/","url":"https:\/\/www.saperedigusto.com\/index.php\/2019\/05\/06\/sake-italiano\/","name":"Miscel-Azione: dall'acqua al Nero con il sake italiano. - Sapere di Gusto","isPartOf":{"@id":"https:\/\/www.saperedigusto.com\/#website"},"datePublished":"2019-05-06T12:45:33+00:00","dateModified":"2019-10-11T11:46:48+00:00","description":"Venite a conoscere NERO - SAKE DI VERCELLI. Il primo sake italiano al mondo prodotto con il riso nero Penelope che fa della miscelazione la sua origine e la sua destinazione.","breadcrumb":{"@id":"https:\/\/www.saperedigusto.com\/index.php\/2019\/05\/06\/sake-italiano\/#breadcrumb"},"inLanguage":"it-IT","potentialAction":[{"@type":"ReadAction","target":["https:\/\/www.saperedigusto.com\/index.php\/2019\/05\/06\/sake-italiano\/"]}]},{"@type":"BreadcrumbList","@id":"https:\/\/www.saperedigusto.com\/index.php\/2019\/05\/06\/sake-italiano\/#breadcrumb","itemListElement":[{"@type":"ListItem","position":1,"name":"Home","item":"https:\/\/www.saperedigusto.com\/"},{"@type":"ListItem","position":2,"name":"Miscel-Azione: dall&#8217;acqua al Nero con il sake italiano."}]},{"@type":"WebSite","@id":"https:\/\/www.saperedigusto.com\/#website","url":"https:\/\/www.saperedigusto.com\/","name":"Sapere di Gusto","description":"Il magazine online che unisce enogastronomia, cultura, ispirazione, emozione","publisher":{"@id":"https:\/\/www.saperedigusto.com\/#organization"},"potentialAction":[{"@type":"SearchAction","target":{"@type":"EntryPoint","urlTemplate":"https:\/\/www.saperedigusto.com\/?s={search_term_string}"},"query-input":"required name=search_term_string"}],"inLanguage":"it-IT"},{"@type":"Organization","@id":"https:\/\/www.saperedigusto.com\/#organization","name":"Sapere di Gusto","url":"https:\/\/www.saperedigusto.com\/","logo":{"@type":"ImageObject","inLanguage":"it-IT","@id":"https:\/\/www.saperedigusto.com\/#\/schema\/logo\/image\/","url":"https:\/\/www.saperedigusto.com\/wp-content\/uploads\/2019\/05\/cropped-Marchio-Or-HP-6.png","contentUrl":"https:\/\/www.saperedigusto.com\/wp-content\/uploads\/2019\/05\/cropped-Marchio-Or-HP-6.png","width":526,"height":412,"caption":"Sapere di Gusto"},"image":{"@id":"https:\/\/www.saperedigusto.com\/#\/schema\/logo\/image\/"}},{"@type":"Person","@id":"https:\/\/www.saperedigusto.com\/#\/schema\/person\/d99bd0603a35965a423403e78de2f6f9","name":"SapereDiGusto","image":{"@type":"ImageObject","inLanguage":"it-IT","@id":"https:\/\/www.saperedigusto.com\/#\/schema\/person\/image\/","url":"https:\/\/secure.gravatar.com\/avatar\/ad75e840f4f30892ee0203ce11271b4d?s=96&d=mm&r=g","contentUrl":"https:\/\/secure.gravatar.com\/avatar\/ad75e840f4f30892ee0203ce11271b4d?s=96&d=mm&r=g","caption":"SapereDiGusto"},"url":"https:\/\/www.saperedigusto.com\/index.php\/author\/saperedigusto\/"}]}},"_links":{"self":[{"href":"https:\/\/www.saperedigusto.com\/index.php\/wp-json\/wp\/v2\/posts\/90"}],"collection":[{"href":"https:\/\/www.saperedigusto.com\/index.php\/wp-json\/wp\/v2\/posts"}],"about":[{"href":"https:\/\/www.saperedigusto.com\/index.php\/wp-json\/wp\/v2\/types\/post"}],"author":[{"embeddable":true,"href":"https:\/\/www.saperedigusto.com\/index.php\/wp-json\/wp\/v2\/users\/1"}],"replies":[{"embeddable":true,"href":"https:\/\/www.saperedigusto.com\/index.php\/wp-json\/wp\/v2\/comments?post=90"}],"version-history":[{"count":3,"href":"https:\/\/www.saperedigusto.com\/index.php\/wp-json\/wp\/v2\/posts\/90\/revisions"}],"predecessor-version":[{"id":309,"href":"https:\/\/www.saperedigusto.com\/index.php\/wp-json\/wp\/v2\/posts\/90\/revisions\/309"}],"wp:featuredmedia":[{"embeddable":true,"href":"https:\/\/www.saperedigusto.com\/index.php\/wp-json\/wp\/v2\/media\/91"}],"wp:attachment":[{"href":"https:\/\/www.saperedigusto.com\/index.php\/wp-json\/wp\/v2\/media?parent=90"}],"wp:term":[{"taxonomy":"category","embeddable":true,"href":"https:\/\/www.saperedigusto.com\/index.php\/wp-json\/wp\/v2\/categories?post=90"},{"taxonomy":"post_tag","embeddable":true,"href":"https:\/\/www.saperedigusto.com\/index.php\/wp-json\/wp\/v2\/tags?post=90"}],"curies":[{"name":"wp","href":"https:\/\/api.w.org\/{rel}","templated":true}]}}